{"id":123662,"date":"2021-08-09T07:05:06","date_gmt":"2021-08-09T11:05:06","guid":{"rendered":"https:\/\/linitiative.ca\/International\/previsions-meteorologiques-pour-la-journee-du-mardi-10-aout\/"},"modified":"2021-08-09T07:05:06","modified_gmt":"2021-08-09T11:05:06","slug":"previsions-meteorologiques-pour-la-journee-du-mardi-10-aout","status":"publish","type":"post","link":"https:\/\/linitiative.ca\/International\/previsions-meteorologiques-pour-la-journee-du-mardi-10-aout\/","title":{"rendered":"Pr\u00e9visions m\u00e9t\u00e9orologiques pour la journ\u00e9e du mardi 10 ao\u00fbt"},"content":{"rendered":"<div>\n<div style=\"margin-bottom:20px;\"><img loading=\"lazy\" decoding=\"async\" width=\"750\" height=\"430\" src=\"https:\/\/linitiative.ca\/International\/wp-content\/uploads\/sites\/23\/2021\/08\/soleil.jpg\" class=\"attachment-post-thumbnail size-post-thumbnail wp-post-image\" alt=\"\" srcset=\"https:\/\/linitiative.ca\/International\/wp-content\/uploads\/sites\/23\/2021\/08\/soleil.jpg 750w, http:\/\/www.mapmarrakech.ma\/map\/uploads\/2021\/08\/soleil-300x172.jpg 300w\" sizes=\"auto, (max-width: 750px) 100vw, 750px\"><\/div>\n<p>\u2013 Temps assez chaud sur le Sud-Est.<\/p>\n<p>\u2013 Nuages bas denses et Formations brumeuses locales sur la M\u00e9diterran\u00e9e, les c\u00f4tes Centre et les plaines atlantiques<\/p>\n<p>Nord.<\/p>\n<p>\u2013 Temps stable et clair \u00e0 peu nuageux ailleurs.<\/p>\n<p>\u2013 Chasse-sables sur le Sud-Est et le Sud de l\u2019Oriental.<\/p>\n<p>\u2013 Vent mod\u00e9r\u00e9 de Nord sur le Sud, de Sud sur le Sud-Est et le Sud de l\u2019Oriental et faible \u00e0 mod\u00e9r\u00e9 de Nord ailleurs.<\/p>\n<p>\u2013 Temp\u00e9ratures minimales de l\u2019ordre de 27\/33\u00b0C sur le Sud-Est, de 21\/27\u00b0C sur le Nord de l\u2019Oriental, le Tang\u00e9rois, la M\u00e9diterran\u00e9e et l\u2019extr\u00eame Sud du pays et de 15\/20\u00b0C ailleurs.<\/p>\n<p>\u2013 Temp\u00e9ratures maximales de l\u2019ordre de 40\/45\u00b0C sur le Sud-Est, de 35\/40\u00b0C sur l\u2019Oriental, le Rif, le Saiss, les plaines \u00e0 l\u2019Ouest de l\u2019Atlas et l\u2019extr\u00eame Sud du pays, 25\/30\u00b0C pr\u00e8s des c\u00f4tes et de 30\/35\u00b0C ailleurs.<\/p>\n<p>\u2013 Mer belle \u00e0 peu agit\u00e9e sur la M\u00e9diterran\u00e9e, peu agit\u00e9e sur le D\u00e9troit, agit\u00e9e entre Jorf et Tan Tan ainsi que peu agit\u00e9e \u00e0 agit\u00e9e ailleurs.<\/p>\n<p>The post <a rel=\"nofollow\" href=\"http:\/\/www.mapmarrakech.ma\/fr\/previsions-meteorologiques-pour-la-journee-du-mardi-10-aout\/\">Pr\u00e9visions m\u00e9t\u00e9orologiques pour la journ\u00e9e du mardi 10 ao\u00fbt<\/a> appeared first on <a rel=\"nofollow\" href=\"http:\/\/www.mapmarrakech.ma\/fr\">MapMarrakech<\/a>.<\/p>\n<\/div>\n<p>Auteur: Meriem IGASS<br \/>\n<a href=\"http:\/\/www.mapmarrakech.ma\/fr\/previsions-meteorologiques-pour-la-journee-du-mardi-10-aout\/\">Cliquez ici pour lire l&rsquo;article depuis sa source.<\/a><\/p>\n","protected":false},"excerpt":{"rendered":"<p>\u2013 Temps assez chaud sur le Sud-Est. \u2013 Nuages bas denses et Formations brumeuses locales sur la M\u00e9diterran\u00e9e, les c\u00f4tes Centre et les plaines atlantiques Nord. \u2013 Temps stable et clair \u00e0 peu nuageux ailleurs. \u2013 Chasse-sables sur le Sud-Est et le Sud de l\u2019Oriental. \u2013 Vent mod\u00e9r\u00e9 de Nord sur le Sud, de Sud [&hellip;]<\/p>\n","protected":false},"author":1788,"featured_media":0,"comment_status":"closed","ping_status":"closed","sticky":false,"template":"","format":"standard","meta":{"fifu_image_url":"http:\/\/www.mapmarrakech.ma\/map\/uploads\/2021\/08\/soleil.jpg","fifu_image_alt":"Pr\u00e9visions m\u00e9t\u00e9orologiques pour la journ\u00e9e du mardi 10 ao\u00fbt","footnotes":""},"categories":[54,76],"tags":[],"class_list":["post-123662","post","type-post","status-publish","format-standard","hentry","category-maroc","category-regions"],"_links":{"self":[{"href":"https:\/\/linitiative.ca\/International\/wp-json\/wp\/v2\/posts\/123662","targetHints":{"allow":["GET"]}}],"collection":[{"href":"https:\/\/linitiative.ca\/International\/wp-json\/wp\/v2\/posts"}],"about":[{"href":"https:\/\/linitiative.ca\/International\/wp-json\/wp\/v2\/types\/post"}],"author":[{"embeddable":true,"href":"https:\/\/linitiative.ca\/International\/wp-json\/wp\/v2\/users\/1788"}],"replies":[{"embeddable":true,"href":"https:\/\/linitiative.ca\/International\/wp-json\/wp\/v2\/comments?post=123662"}],"version-history":[{"count":0,"href":"https:\/\/linitiative.ca\/International\/wp-json\/wp\/v2\/posts\/123662\/revisions"}],"wp:attachment":[{"href":"https:\/\/linitiative.ca\/International\/wp-json\/wp\/v2\/media?parent=123662"}],"wp:term":[{"taxonomy":"category","embeddable":true,"href":"https:\/\/linitiative.ca\/International\/wp-json\/wp\/v2\/categories?post=123662"},{"taxonomy":"post_tag","embeddable":true,"href":"https:\/\/linitiative.ca\/International\/wp-json\/wp\/v2\/tags?post=123662"}],"curies":[{"name":"wp","href":"https:\/\/api.w.org\/{rel}","templated":true}]}}