{"id":123664,"date":"2021-08-09T07:53:33","date_gmt":"2021-08-09T11:53:33","guid":{"rendered":"https:\/\/linitiative.ca\/International\/figures-de-la-presse-marocaine-une-nouvelle-parution-de-la-map\/"},"modified":"2021-08-09T07:53:33","modified_gmt":"2021-08-09T11:53:33","slug":"figures-de-la-presse-marocaine-une-nouvelle-parution-de-la-map","status":"publish","type":"post","link":"https:\/\/linitiative.ca\/International\/figures-de-la-presse-marocaine-une-nouvelle-parution-de-la-map\/","title":{"rendered":"\u00ab\u00a0Figures de la presse marocaine\u00a0\u00bb, une nouvelle parution de la MAP"},"content":{"rendered":"<div>\n<div style=\"margin-bottom:20px;\"><img loading=\"lazy\" decoding=\"async\" width=\"750\" height=\"430\" src=\"https:\/\/linitiative.ca\/International\/wp-content\/uploads\/sites\/23\/2021\/08\/Figures-de-la-presse-marocaine1.jpg\" class=\"attachment-post-thumbnail size-post-thumbnail wp-post-image\" alt=\"\" srcset=\"https:\/\/linitiative.ca\/International\/wp-content\/uploads\/sites\/23\/2021\/08\/Figures-de-la-presse-marocaine1.jpg 750w, http:\/\/www.mapmarrakech.ma\/map\/uploads\/2021\/08\/Figures-de-la-presse-marocaine1-300x172.jpg 300w\" sizes=\"auto, (max-width: 750px) 100vw, 750px\"><\/div>\n<p>R\u00e9alis\u00e9 par Driss Ajbali, le m\u00e9diateur de la MAP, \u00ab\u00a0Figures de la presse marocaine\u00a0\u00bb est un travail de fond qui cadrait parfaitement avec les nouvelles missions de la MAP, celles d\u2019accompagner le secteur m\u00e9diatique par la connaissance, le savoir et la recherche, souligne le Directeur G\u00e9n\u00e9ral de l\u2019Agence, Khalil Hachimi Idrissi, qui a pr\u00e9fac\u00e9 l\u2019ouvrage.<\/p>\n<p>Sur le fond, il y a mati\u00e8re dans ce livre \u00e0 faire \u00abune sociologie du journaliste marocain. Une typologie structur\u00e9e des hommes de presse, une \u00e9tude sur leurs trajectoires diagonales ou une th\u00e8se universitaire sur leur impact sur la vie institutionnelle du pays, la transition d\u00e9mocratique ou le d\u00e9bat public\u00bb, souligne M. Hachimi Idrissi, qui a intitul\u00e9 sa pr\u00e9face \u00abun travail hercul\u00e9en\u00bb.<\/p>\n<p>Ce projet \u00abtitanesque\u00bb est r\u00e9alis\u00e9 par le m\u00e9diateur de la MAP, un auteur qui a du talent et qui poss\u00e8de le sens de la mesure et de la pond\u00e9ration. Il a r\u00e9ussi dans cet exercice, note M. Hachimi Idrissi.<\/p>\n<p>M. Ajbali, estime-t-il, \u00ab\u00a0a eu le courage de faire un choix. Celui de ne pas se cacher derri\u00e8re une pseudo objectivit\u00e9 inatteignable mais d\u2019assumer une subjectivit\u00e9 honn\u00eate qui le rapproche des sujets trait\u00e9s\u00a0\u00bb.<\/p>\n<p>\u00abParler du journaliste marocain est une gageure. Lui, il parle de tout. Mais de lui, personne ne parle, y compris lui-m\u00eame\u00bb, souligne, pour sa part, l\u2019auteur du livre.<\/p>\n<p>\u00ab\u00a0En dehors des productions publi\u00e9es et des journalistes les plus connus, il faut \u00eatre un sioux pour suivre les empreintes de la plupart d\u2019entre eux. S\u00e9rieuse lacune que la pr\u00e9sente initiative de la MAP, faut-il l\u2019esp\u00e9rer, aidera \u00e0 amoindrir\u00a0\u00bb, \u00e9crit-il.<\/p>\n<p>M. Ajbali estime que l\u2019ambition initiale, assign\u00e9e \u00e0 la d\u00e9marche, modeste en soi, \u00e9tait de parler des journalistes marocains et pourquoi pas, par cette initiative, leur rendre, en quelque sorte, un hommage, pr\u00e9cisant qu\u2019en cherchant \u00e0 \u00e9crire des histoires singuli\u00e8res, des parcours individuels, on butte obliquement sur l\u2019histoire d\u2019une profession et, en filigrane, sur l\u2019histoire politique du Maroc, d\u2019apr\u00e8s ind\u00e9pendance.<\/p>\n<p>\u00abL\u2019histoire du journalisme, dans notre pays, est intimement li\u00e9e \u00e0 son histoire politique\u00bb, soutient-il.<\/p>\n<p>De Format moyen, \u00ab\u00a0Figures de la presse marocaine\u00a0\u00bb (493 pages) compte les portraits de 230 journalistes qui ont marqu\u00e9 le paysage m\u00e9diatique et de la presse marocaine depuis l\u2019ind\u00e9pendance. Journalistes de la presse \u00e9crite, mais \u00e9galement de la t\u00e9l\u00e9vision et de la radio et de l\u2019Agence marocaine de presse, tout le gotha de la presse marocaine y trouve une place pour \u00e0 la fin donner une r\u00e9elle lecture dans l\u2019histoire du Maroc \u00e0 travers le v\u00e9cu de tout ce monde.<\/p>\n<p>The post <a rel=\"nofollow\" href=\"http:\/\/www.mapmarrakech.ma\/fr\/figures-de-la-presse-marocaine-une-nouvelle-parution-de-la-map\/\">\u00ab\u00a0Figures de la presse marocaine\u00a0\u00bb, une nouvelle parution de la MAP<\/a> appeared first on <a rel=\"nofollow\" href=\"http:\/\/www.mapmarrakech.ma\/fr\">MapMarrakech<\/a>.<\/p>\n<\/div>\n<p>Auteur: Meriem IGASS<br \/>\n<a href=\"http:\/\/www.mapmarrakech.ma\/fr\/figures-de-la-presse-marocaine-une-nouvelle-parution-de-la-map\/\">Cliquez ici pour lire l&rsquo;article depuis sa source.<\/a><\/p>\n","protected":false},"excerpt":{"rendered":"<p>R\u00e9alis\u00e9 par Driss Ajbali, le m\u00e9diateur de la MAP, \u00ab\u00a0Figures de la presse marocaine\u00a0\u00bb est un travail de fond qui cadrait parfaitement avec les nouvelles missions de la MAP, celles d\u2019accompagner le secteur m\u00e9diatique par la connaissance, le savoir et la recherche, souligne le Directeur G\u00e9n\u00e9ral de l\u2019Agence, Khalil Hachimi Idrissi, qui a pr\u00e9fac\u00e9 l\u2019ouvrage. [&hellip;]<\/p>\n","protected":false},"author":1788,"featured_media":0,"comment_status":"closed","ping_status":"closed","sticky":false,"template":"","format":"standard","meta":{"fifu_image_url":"http:\/\/www.mapmarrakech.ma\/map\/uploads\/2021\/08\/Figures-de-la-presse-marocaine1.jpg","fifu_image_alt":"\u00ab\u00a0Figures de la presse marocaine\u00a0\u00bb, une nouvelle parution de la MAP","footnotes":""},"categories":[54,76],"tags":[],"class_list":["post-123664","post","type-post","status-publish","format-standard","hentry","category-maroc","category-regions"],"_links":{"self":[{"href":"https:\/\/linitiative.ca\/International\/wp-json\/wp\/v2\/posts\/123664","targetHints":{"allow":["GET"]}}],"collection":[{"href":"https:\/\/linitiative.ca\/International\/wp-json\/wp\/v2\/posts"}],"about":[{"href":"https:\/\/linitiative.ca\/International\/wp-json\/wp\/v2\/types\/post"}],"author":[{"embeddable":true,"href":"https:\/\/linitiative.ca\/International\/wp-json\/wp\/v2\/users\/1788"}],"replies":[{"embeddable":true,"href":"https:\/\/linitiative.ca\/International\/wp-json\/wp\/v2\/comments?post=123664"}],"version-history":[{"count":0,"href":"https:\/\/linitiative.ca\/International\/wp-json\/wp\/v2\/posts\/123664\/revisions"}],"wp:attachment":[{"href":"https:\/\/linitiative.ca\/International\/wp-json\/wp\/v2\/media?parent=123664"}],"wp:term":[{"taxonomy":"category","embeddable":true,"href":"https:\/\/linitiative.ca\/International\/wp-json\/wp\/v2\/categories?post=123664"},{"taxonomy":"post_tag","embeddable":true,"href":"https:\/\/linitiative.ca\/International\/wp-json\/wp\/v2\/tags?post=123664"}],"curies":[{"name":"wp","href":"https:\/\/api.w.org\/{rel}","templated":true}]}}