{"id":123674,"date":"2021-08-09T11:35:00","date_gmt":"2021-08-09T15:35:00","guid":{"rendered":"https:\/\/linitiative.ca\/International\/premiere-officielle-pour-medioub-avec-bordeaux\/"},"modified":"2021-08-09T11:35:00","modified_gmt":"2021-08-09T15:35:00","slug":"premiere-officielle-pour-medioub-avec-bordeaux","status":"publish","type":"post","link":"https:\/\/linitiative.ca\/International\/premiere-officielle-pour-medioub-avec-bordeaux\/","title":{"rendered":"Premi\u00e8re officielle pour Medioub avec Bordeaux"},"content":{"rendered":"<div>L\u2019autre joueur alg\u00e9rien de Bordeaux, \u00e0 savoir le milieu d\u00e9fensif de l\u2019EN, Mehdi Zerkane, il a aussi \u00e9t\u00e9 intronis\u00e9 en seconde p\u00e9riode. Il a jou\u00e9 un peu plus de 10 minutes.<img loading=\"lazy\" decoding=\"async\" src=\"http:\/\/feeds.feedburner.com\/~r\/GalerieFArtciles\/~4\/hfQgh-brieI\" height=\"1\" width=\"1\" alt=\"\"><\/div>\n<p>Auteur:<br \/>\n<a href=\"http:\/\/www.lebuteur.com\/article\/detail?titre=premiere-officielle-pour-medioub-avec-bordeaux&#038;id=100806&#038;utm_source=feedburner&#038;utm_medium=feed&#038;utm_campaign=Feed%3A+GalerieFArtciles+%28Les+derniers+articles++-+lebuteur.com%29\">Cliquez ici pour lire l&rsquo;article depuis sa source.<\/a><\/p>\n","protected":false},"excerpt":{"rendered":"<p>L\u2019autre joueur alg\u00e9rien de Bordeaux, \u00e0 savoir le milieu d\u00e9fensif de l\u2019EN, Mehdi Zerkane, il a aussi \u00e9t\u00e9 intronis\u00e9 en seconde p\u00e9riode. Il a jou\u00e9 un peu plus de 10 minutes. Auteur: Cliquez ici pour lire l&rsquo;article depuis sa source.<\/p>\n","protected":false},"author":1738,"featured_media":0,"comment_status":"closed","ping_status":"closed","sticky":false,"template":"","format":"standard","meta":{"fifu_image_url":"http:\/\/feeds.feedburner.com\/~r\/GalerieFArtciles\/~4\/hfQgh-brieI","fifu_image_alt":"Premi\u00e8re officielle pour Medioub avec Bordeaux","footnotes":""},"categories":[53,75],"tags":[],"class_list":["post-123674","post","type-post","status-publish","format-standard","hentry","category-algerie","category-sport"],"_links":{"self":[{"href":"https:\/\/linitiative.ca\/International\/wp-json\/wp\/v2\/posts\/123674","targetHints":{"allow":["GET"]}}],"collection":[{"href":"https:\/\/linitiative.ca\/International\/wp-json\/wp\/v2\/posts"}],"about":[{"href":"https:\/\/linitiative.ca\/International\/wp-json\/wp\/v2\/types\/post"}],"author":[{"embeddable":true,"href":"https:\/\/linitiative.ca\/International\/wp-json\/wp\/v2\/users\/1738"}],"replies":[{"embeddable":true,"href":"https:\/\/linitiative.ca\/International\/wp-json\/wp\/v2\/comments?post=123674"}],"version-history":[{"count":0,"href":"https:\/\/linitiative.ca\/International\/wp-json\/wp\/v2\/posts\/123674\/revisions"}],"wp:attachment":[{"href":"https:\/\/linitiative.ca\/International\/wp-json\/wp\/v2\/media?parent=123674"}],"wp:term":[{"taxonomy":"category","embeddable":true,"href":"https:\/\/linitiative.ca\/International\/wp-json\/wp\/v2\/categories?post=123674"},{"taxonomy":"post_tag","embeddable":true,"href":"https:\/\/linitiative.ca\/International\/wp-json\/wp\/v2\/tags?post=123674"}],"curies":[{"name":"wp","href":"https:\/\/api.w.org\/{rel}","templated":true}]}}