{"id":123676,"date":"2021-08-09T06:18:14","date_gmt":"2021-08-09T10:18:14","guid":{"rendered":"https:\/\/linitiative.ca\/International\/arrivage-de-750-concentrateurs-doxygene\/"},"modified":"2021-08-09T06:18:14","modified_gmt":"2021-08-09T10:18:14","slug":"arrivage-de-750-concentrateurs-doxygene","status":"publish","type":"post","link":"https:\/\/linitiative.ca\/International\/arrivage-de-750-concentrateurs-doxygene\/","title":{"rendered":"Arrivage de 750 concentrateurs d\u2019oxyg\u00e8ne"},"content":{"rendered":"<div>\n<div class=\"sriret\"><img decoding=\"async\" src=\"https:\/\/linitiative.ca\/International\/wp-content\/uploads\/sites\/23\/2021\/08\/default-picture-709x366_c-14.jpg\"><\/div>\n<p>Une nouvelle cargaison de 750 concentrateurs d\u2019oxyg\u00e8ne, achemin\u00e9s par un avion de transport militaire, depuis la Chine a \u00e9t\u00e9 r\u00e9ceptionn\u00e9e samedi soir dans le cadre de la lutte contre la pand\u00e9mie de coronavirus (covid-19), a indiqu\u00e9 hier un communiqu\u00e9 du minist\u00e8re de la D\u00e9fense nationale (MDN).<\/p>\n<p>\u00abDans la dynamique des op\u00e9rations d\u2019acheminement du mat\u00e9riel m\u00e9dical n\u00e9cessaire pour une meilleure prise en charge des malades touch\u00e9s par le coronavirus, un avion de transport militaire, relevant de l\u2019Arm\u00e9e nationale populaire (ANP), a atterri dans la soir\u00e9e d\u2019hier, samedi 7 ao\u00fbt 2021, \u00e0 la base a\u00e9rienne de Boufarik en 1re R\u00e9gion militaire, \u00e0 son bord une nouvelle cargaison de 750 concentrateurs d\u2019oxyg\u00e8ne, achemin\u00e9s depuis la R\u00e9publique populaire de Chine au profit de la Pharmacie centrale des h\u00f4pitaux\u00bb, a pr\u00e9cis\u00e9 la m\u00eame source. \u00abCette nouvelle op\u00e9ration, qui sera suivie par des op\u00e9rations similaires afin de soutenir le syst\u00e8me de sant\u00e9 national, confirme la disponibilit\u00e9 permanente de l\u2019ANP pour accomplir ses missions humanitaires nobles en toutes circonstances\u00bb, a ajout\u00e9 le communiqu\u00e9.<\/p>\n<p>L\u2019article <a rel=\"nofollow\" href=\"https:\/\/www.elwatan.com\/edition\/actualite\/arrivage-de-750-concentrateurs-doxygene-09-08-2021\">Arrivage de 750 concentrateurs d\u2019oxyg\u00e8ne<\/a> est apparu en premier sur <a rel=\"nofollow\" href=\"https:\/\/www.elwatan.com\/\">El Watan<\/a>.<\/p>\n<\/div>\n<p>Auteur: Hicham Chouadria<br \/>\n<a href=\"https:\/\/www.elwatan.com\/edition\/actualite\/arrivage-de-750-concentrateurs-doxygene-09-08-2021\">Cliquez ici pour lire l&rsquo;article depuis sa source.<\/a><\/p>\n","protected":false},"excerpt":{"rendered":"<p>Une nouvelle cargaison de 750 concentrateurs d\u2019oxyg\u00e8ne, achemin\u00e9s par un avion de transport militaire, depuis la Chine a \u00e9t\u00e9 r\u00e9ceptionn\u00e9e samedi soir dans le cadre de la lutte contre la pand\u00e9mie de coronavirus (covid-19), a indiqu\u00e9 hier un communiqu\u00e9 du minist\u00e8re de la D\u00e9fense nationale (MDN). \u00abDans la dynamique des op\u00e9rations d\u2019acheminement du mat\u00e9riel m\u00e9dical [&hellip;]<\/p>\n","protected":false},"author":1743,"featured_media":0,"comment_status":"closed","ping_status":"closed","sticky":false,"template":"","format":"standard","meta":{"fifu_image_url":"https:\/\/www.elwatan.com\/wp-content\/themes\/spectr\/img\/default-picture-709x366_c.jpg","fifu_image_alt":"Arrivage de 750 concentrateurs d\u2019oxyg\u00e8ne","footnotes":""},"categories":[73,53],"tags":[],"class_list":["post-123676","post","type-post","status-publish","format-standard","hentry","category-actualite","category-algerie"],"_links":{"self":[{"href":"https:\/\/linitiative.ca\/International\/wp-json\/wp\/v2\/posts\/123676","targetHints":{"allow":["GET"]}}],"collection":[{"href":"https:\/\/linitiative.ca\/International\/wp-json\/wp\/v2\/posts"}],"about":[{"href":"https:\/\/linitiative.ca\/International\/wp-json\/wp\/v2\/types\/post"}],"author":[{"embeddable":true,"href":"https:\/\/linitiative.ca\/International\/wp-json\/wp\/v2\/users\/1743"}],"replies":[{"embeddable":true,"href":"https:\/\/linitiative.ca\/International\/wp-json\/wp\/v2\/comments?post=123676"}],"version-history":[{"count":0,"href":"https:\/\/linitiative.ca\/International\/wp-json\/wp\/v2\/posts\/123676\/revisions"}],"wp:attachment":[{"href":"https:\/\/linitiative.ca\/International\/wp-json\/wp\/v2\/media?parent=123676"}],"wp:term":[{"taxonomy":"category","embeddable":true,"href":"https:\/\/linitiative.ca\/International\/wp-json\/wp\/v2\/categories?post=123676"},{"taxonomy":"post_tag","embeddable":true,"href":"https:\/\/linitiative.ca\/International\/wp-json\/wp\/v2\/tags?post=123676"}],"curies":[{"name":"wp","href":"https:\/\/api.w.org\/{rel}","templated":true}]}}