{"id":123680,"date":"2021-08-09T06:19:58","date_gmt":"2021-08-09T10:19:58","guid":{"rendered":"https:\/\/linitiative.ca\/International\/des-centaines-de-morts-depuis-le-debut-de-la-pandemie-de-covid-19-le-lourd-tribut-paye-par-les-professionnels-de-la-sante\/"},"modified":"2021-08-09T06:19:58","modified_gmt":"2021-08-09T10:19:58","slug":"des-centaines-de-morts-depuis-le-debut-de-la-pandemie-de-covid-19-le-lourd-tribut-paye-par-les-professionnels-de-la-sante","status":"publish","type":"post","link":"https:\/\/linitiative.ca\/International\/des-centaines-de-morts-depuis-le-debut-de-la-pandemie-de-covid-19-le-lourd-tribut-paye-par-les-professionnels-de-la-sante\/","title":{"rendered":"Des centaines de morts depuis le d\u00e9but de la pand\u00e9mie de covid-19 : Le lourd tribut pay\u00e9 par les professionnels de la sant\u00e9"},"content":{"rendered":"<div>\n<div class=\"sriret\"><img decoding=\"async\" src=\"https:\/\/linitiative.ca\/International\/wp-content\/uploads\/sites\/23\/2021\/08\/default-picture-709x366_c-16.jpg\"><\/div>\n<p>En premi\u00e8re ligne face \u00e0\u00a0la pand\u00e9mie de Covid-19,\u00a0le personnel soignant paye un tr\u00e8s lourd tribut. Depuis le d\u00e9but de la pand\u00e9mie en f\u00e9vrier 2020, des centaines de d\u00e9c\u00e8s ont \u00e9t\u00e9 enregistr\u00e9s. Selon les derni\u00e8res informations recoup\u00e9es, en juillet dernier, 47 m\u00e9decins ont rendu l\u2019\u00e2me des suites de complications dues au coronavirus.<\/p>\n<p>Le pays a enregistr\u00e9 quelque 460 d\u00e9c\u00e8s parmi le personnel soignant, dont 262 m\u00e9decins, depuis le d\u00e9but de la pand\u00e9mie en f\u00e9vrier 2020. Des donn\u00e9es qui ont \u00e9t\u00e9 r\u00e9v\u00e9l\u00e9es r\u00e9cemment par le pr\u00e9sident du Syndicat national des praticiens de la sant\u00e9 publique (SNPSP), le Dr\u00a0Lyes Merabat. A ceux-l\u00e0 s\u2019ajoutent plus de 17\u00a0000 professionnels de sant\u00e9 qui ont \u00e9t\u00e9 contamin\u00e9s par la Covid-19. En plus des risques d\u2019\u00eatre contamin\u00e9es, les blouses blanches sont confront\u00e9es \u00e0 un manque d\u2019\u00e9quipements, au stress et \u00e0 des horaires de travail ext\u00e9nuants, dont l\u2019impact est largement sous-estim\u00e9 sur la sant\u00e9 mentale de ces travailleurs essentiels dans la lutte anti-Covid.<\/p>\n<p>*Retrouvez l\u2019int\u00e9gralit\u00e9 de nos articles sur la version papier<\/p>\n<p>L\u2019article <a rel=\"nofollow\" href=\"https:\/\/www.elwatan.com\/edition\/actualite\/des-centaines-de-morts-depuis-le-debut-de-la-pandemie-de-covid-19-le-lourd-tribut-paye-par-les-professionnels-de-la-sante-09-08-2021\">Des centaines de morts depuis le d\u00e9but de la pand\u00e9mie de covid-19 : Le lourd tribut pay\u00e9 par les professionnels de la sant\u00e9<\/a> est apparu en premier sur <a rel=\"nofollow\" href=\"https:\/\/www.elwatan.com\/\">El Watan<\/a>.<\/p>\n<\/div>\n<p>Auteur: Hicham Chouadria<br \/>\n<a href=\"https:\/\/www.elwatan.com\/edition\/actualite\/des-centaines-de-morts-depuis-le-debut-de-la-pandemie-de-covid-19-le-lourd-tribut-paye-par-les-professionnels-de-la-sante-09-08-2021\">Cliquez ici pour lire l&rsquo;article depuis sa source.<\/a><\/p>\n","protected":false},"excerpt":{"rendered":"<p>En premi\u00e8re ligne face \u00e0\u00a0la pand\u00e9mie de Covid-19,\u00a0le personnel soignant paye un tr\u00e8s lourd tribut. Depuis le d\u00e9but de la pand\u00e9mie en f\u00e9vrier 2020, des centaines de d\u00e9c\u00e8s ont \u00e9t\u00e9 enregistr\u00e9s. Selon les derni\u00e8res informations recoup\u00e9es, en juillet dernier, 47 m\u00e9decins ont rendu l\u2019\u00e2me des suites de complications dues au coronavirus. Le pays a enregistr\u00e9 [&hellip;]<\/p>\n","protected":false},"author":1743,"featured_media":0,"comment_status":"closed","ping_status":"closed","sticky":false,"template":"","format":"standard","meta":{"fifu_image_url":"https:\/\/www.elwatan.com\/wp-content\/themes\/spectr\/img\/default-picture-709x366_c.jpg","fifu_image_alt":"Des centaines de morts depuis le d\u00e9but de la pand\u00e9mie de covid-19 : Le lourd tribut pay\u00e9 par les professionnels de la sant\u00e9","footnotes":""},"categories":[73,53],"tags":[],"class_list":["post-123680","post","type-post","status-publish","format-standard","hentry","category-actualite","category-algerie"],"_links":{"self":[{"href":"https:\/\/linitiative.ca\/International\/wp-json\/wp\/v2\/posts\/123680","targetHints":{"allow":["GET"]}}],"collection":[{"href":"https:\/\/linitiative.ca\/International\/wp-json\/wp\/v2\/posts"}],"about":[{"href":"https:\/\/linitiative.ca\/International\/wp-json\/wp\/v2\/types\/post"}],"author":[{"embeddable":true,"href":"https:\/\/linitiative.ca\/International\/wp-json\/wp\/v2\/users\/1743"}],"replies":[{"embeddable":true,"href":"https:\/\/linitiative.ca\/International\/wp-json\/wp\/v2\/comments?post=123680"}],"version-history":[{"count":0,"href":"https:\/\/linitiative.ca\/International\/wp-json\/wp\/v2\/posts\/123680\/revisions"}],"wp:attachment":[{"href":"https:\/\/linitiative.ca\/International\/wp-json\/wp\/v2\/media?parent=123680"}],"wp:term":[{"taxonomy":"category","embeddable":true,"href":"https:\/\/linitiative.ca\/International\/wp-json\/wp\/v2\/categories?post=123680"},{"taxonomy":"post_tag","embeddable":true,"href":"https:\/\/linitiative.ca\/International\/wp-json\/wp\/v2\/tags?post=123680"}],"curies":[{"name":"wp","href":"https:\/\/api.w.org\/{rel}","templated":true}]}}