{"id":123684,"date":"2021-08-09T06:22:08","date_gmt":"2021-08-09T10:22:08","guid":{"rendered":"https:\/\/linitiative.ca\/International\/lutte-contre-la-troisieme-vague-de-la-covid-19-au-coeur-de-la-machine-solidaire-de-la-diaspora-algerienne-en-france\/"},"modified":"2021-08-09T06:22:08","modified_gmt":"2021-08-09T10:22:08","slug":"lutte-contre-la-troisieme-vague-de-la-covid-19-au-coeur-de-la-machine-solidaire-de-la-diaspora-algerienne-en-france","status":"publish","type":"post","link":"https:\/\/linitiative.ca\/International\/lutte-contre-la-troisieme-vague-de-la-covid-19-au-coeur-de-la-machine-solidaire-de-la-diaspora-algerienne-en-france\/","title":{"rendered":"Lutte contre la troisi\u00e8me vague de la Covid-19 : Au c\u0153ur de la machine solidaire de la diaspora alg\u00e9rienne\u00a0en France"},"content":{"rendered":"<div>\n<div class=\"sriret\"><img decoding=\"async\" src=\"https:\/\/linitiative.ca\/International\/wp-content\/uploads\/sites\/23\/2021\/08\/default-picture-709x366_c-18.jpg\"><\/div>\n<p>Comme leurs compatriotes au pays, les membres de la diaspora alg\u00e9rienne sont en guerre totale contre la Covid-19, dont le variant Delta ne cesse de faire quotidiennement des dizaines de morts et des centaines de contaminations partout en Alg\u00e9rie.<\/p>\n<p>Leur arme est noble, tr\u00e8s propre et si efficace, \u00e7a s\u2019appelle la solidarit\u00e9. Tandis que les personnels soignants font les soldats aux premi\u00e8res lignes de la bataille contre la pand\u00e9mie, leur de terrain d\u2019action \u00e0 eux se trouve sur les r\u00e9seaux sociaux et sur les plateformes de cagnotte en ligne, accomplissant un r\u00f4le de soutien logistique et financier. Ne dit-on pas que l\u2019argent est le nerf de la guerre\u00a0?<\/p>\n<p>*Retrouvez l\u2019int\u00e9gralit\u00e9 de nos articles sur la version papier<\/p>\n<p>\u00a0<\/p>\n<p>L\u2019article <a rel=\"nofollow\" href=\"https:\/\/www.elwatan.com\/edition\/actualite\/lutte-contre-la-troisieme-vague-de-la-covid-19-au-coeur-de-la-machine-solidaire-de-la-diaspora-algerienne-en-france-09-08-2021\">Lutte contre la troisi\u00e8me vague de la Covid-19 : Au c\u0153ur de la machine solidaire de la diaspora alg\u00e9rienne\u00a0en France<\/a> est apparu en premier sur <a rel=\"nofollow\" href=\"https:\/\/www.elwatan.com\/\">El Watan<\/a>.<\/p>\n<\/div>\n<p>Auteur: Hicham Chouadria<br \/>\n<a href=\"https:\/\/www.elwatan.com\/edition\/actualite\/lutte-contre-la-troisieme-vague-de-la-covid-19-au-coeur-de-la-machine-solidaire-de-la-diaspora-algerienne-en-france-09-08-2021\">Cliquez ici pour lire l&rsquo;article depuis sa source.<\/a><\/p>\n","protected":false},"excerpt":{"rendered":"<p>Comme leurs compatriotes au pays, les membres de la diaspora alg\u00e9rienne sont en guerre totale contre la Covid-19, dont le variant Delta ne cesse de faire quotidiennement des dizaines de morts et des centaines de contaminations partout en Alg\u00e9rie. Leur arme est noble, tr\u00e8s propre et si efficace, \u00e7a s\u2019appelle la solidarit\u00e9. Tandis que les [&hellip;]<\/p>\n","protected":false},"author":1743,"featured_media":0,"comment_status":"closed","ping_status":"closed","sticky":false,"template":"","format":"standard","meta":{"fifu_image_url":"https:\/\/www.elwatan.com\/wp-content\/themes\/spectr\/img\/default-picture-709x366_c.jpg","fifu_image_alt":"Lutte contre la troisi\u00e8me vague de la Covid-19 : Au c\u0153ur de la machine solidaire de la diaspora alg\u00e9rienne\u00a0en France","footnotes":""},"categories":[73,53],"tags":[],"class_list":["post-123684","post","type-post","status-publish","format-standard","hentry","category-actualite","category-algerie"],"_links":{"self":[{"href":"https:\/\/linitiative.ca\/International\/wp-json\/wp\/v2\/posts\/123684","targetHints":{"allow":["GET"]}}],"collection":[{"href":"https:\/\/linitiative.ca\/International\/wp-json\/wp\/v2\/posts"}],"about":[{"href":"https:\/\/linitiative.ca\/International\/wp-json\/wp\/v2\/types\/post"}],"author":[{"embeddable":true,"href":"https:\/\/linitiative.ca\/International\/wp-json\/wp\/v2\/users\/1743"}],"replies":[{"embeddable":true,"href":"https:\/\/linitiative.ca\/International\/wp-json\/wp\/v2\/comments?post=123684"}],"version-history":[{"count":0,"href":"https:\/\/linitiative.ca\/International\/wp-json\/wp\/v2\/posts\/123684\/revisions"}],"wp:attachment":[{"href":"https:\/\/linitiative.ca\/International\/wp-json\/wp\/v2\/media?parent=123684"}],"wp:term":[{"taxonomy":"category","embeddable":true,"href":"https:\/\/linitiative.ca\/International\/wp-json\/wp\/v2\/categories?post=123684"},{"taxonomy":"post_tag","embeddable":true,"href":"https:\/\/linitiative.ca\/International\/wp-json\/wp\/v2\/tags?post=123684"}],"curies":[{"name":"wp","href":"https:\/\/api.w.org\/{rel}","templated":true}]}}