{"id":123690,"date":"2021-08-09T07:20:00","date_gmt":"2021-08-09T11:20:00","guid":{"rendered":"https:\/\/linitiative.ca\/International\/sur-le-numero-daout-de-leaders-pour-comprendre-les-tenants-et-aboutissants-de-la-chute-dennahdha\/"},"modified":"2021-08-09T07:20:00","modified_gmt":"2021-08-09T11:20:00","slug":"sur-le-numero-daout-de-leaders-pour-comprendre-les-tenants-et-aboutissants-de-la-chute-dennahdha","status":"publish","type":"post","link":"https:\/\/linitiative.ca\/International\/sur-le-numero-daout-de-leaders-pour-comprendre-les-tenants-et-aboutissants-de-la-chute-dennahdha\/","title":{"rendered":"Sur le num\u00e9ro d&rsquo;Ao\u00fbt de Leaders : pour comprendre les tenants et aboutissants de la chute d&rsquo;Ennahdha"},"content":{"rendered":"<div><img decoding=\"async\" src=\"https:\/\/linitiative.ca\/International\/wp-content\/uploads\/sites\/23\/2021\/08\/1628351680_article.jpg\" alt=\"Sur le num\u00e9ro d\" ao de leaders : pour comprendre les tenants et aboutissants la chute d align=\"left\">Peut-\u00eatre vous \u00eates-vous interrog\u00e9 sur le pourquoi des trois  jours  de retard accus\u00e9s par Leaders sur sa distribution dans les   kiosques. Vous n&rsquo;\u00eates pas sans savoir qu&rsquo;un changement majeur vient de se produire dans notre pays. Un moment  historique, difficile \u00e0 d\u00e9crrypter, d&rsquo;autant plus que les \u00e9v\u00e8nements se pr\u00e9cipitent. Pour y voir clair, Votre revue a fait  appel aux\u00a0 meilleurs chroniqueurs de la place. Pas moins de vingt pages y  ont \u00e9t\u00e9 d\u00e9di\u00e9s.<br \/>\nA Lire \u00e9galement sur 11 pages le portait de \u00ab\u00a0l&rsquo;avocate qui a fait qui vaciller le juge\u00a0\u00bb, Me Imen Gzara.<br \/>\nMth\u00e9maticien, Mohamed Jaoua, cofondateur de l&rsquo;Ipest appelle \u00e0 remettre au coeur du projet \u00e9ducatif les math\u00e9matiques &#8230;<\/p>\n<\/div>\n<p>Auteur:<br \/>\n<a href=\"https:\/\/www.leaders.com.tn\/article\/32254-sur-le-numero-d-aout-de-leaders-pour-comprendre-les-tenants-et-aboutissants-de-la-chute-d-ennahdha\">Cliquez ici pour lire l&rsquo;article depuis sa source.<\/a><\/p>\n","protected":false},"excerpt":{"rendered":"<p>Peut-\u00eatre vous \u00eates-vous interrog\u00e9 sur le pourquoi des trois jours de retard accus\u00e9s par Leaders sur sa distribution dans les kiosques. Vous n&rsquo;\u00eates pas sans savoir qu&rsquo;un changement majeur vient de se produire dans notre pays. Un moment historique, difficile \u00e0 d\u00e9crrypter, d&rsquo;autant plus que les \u00e9v\u00e8nements se pr\u00e9cipitent. Pour y voir clair, Votre revue [&hellip;]<\/p>\n","protected":false},"author":1772,"featured_media":0,"comment_status":"closed","ping_status":"closed","sticky":false,"template":"","format":"standard","meta":{"fifu_image_url":"http:\/\/www.leaders.com.tn\/uploads\/content\/thumbnails_small\/1628351680_article.jpg","fifu_image_alt":"<div>Sur le num\u00e9ro d'Ao\u00fbt de Leaders : pour comprendre les tenants et aboutissants de la chute d'Ennahdha<\/div>","footnotes":""},"categories":[73,55],"tags":[],"class_list":["post-123690","post","type-post","status-publish","format-standard","hentry","category-actualite","category-tunisie"],"_links":{"self":[{"href":"https:\/\/linitiative.ca\/International\/wp-json\/wp\/v2\/posts\/123690","targetHints":{"allow":["GET"]}}],"collection":[{"href":"https:\/\/linitiative.ca\/International\/wp-json\/wp\/v2\/posts"}],"about":[{"href":"https:\/\/linitiative.ca\/International\/wp-json\/wp\/v2\/types\/post"}],"author":[{"embeddable":true,"href":"https:\/\/linitiative.ca\/International\/wp-json\/wp\/v2\/users\/1772"}],"replies":[{"embeddable":true,"href":"https:\/\/linitiative.ca\/International\/wp-json\/wp\/v2\/comments?post=123690"}],"version-history":[{"count":0,"href":"https:\/\/linitiative.ca\/International\/wp-json\/wp\/v2\/posts\/123690\/revisions"}],"wp:attachment":[{"href":"https:\/\/linitiative.ca\/International\/wp-json\/wp\/v2\/media?parent=123690"}],"wp:term":[{"taxonomy":"category","embeddable":true,"href":"https:\/\/linitiative.ca\/International\/wp-json\/wp\/v2\/categories?post=123690"},{"taxonomy":"post_tag","embeddable":true,"href":"https:\/\/linitiative.ca\/International\/wp-json\/wp\/v2\/tags?post=123690"}],"curies":[{"name":"wp","href":"https:\/\/api.w.org\/{rel}","templated":true}]}}