{"id":123697,"date":"2021-08-09T10:47:21","date_gmt":"2021-08-09T14:47:21","guid":{"rendered":"https:\/\/linitiative.ca\/International\/laayoune-la-station-de-dessalement-deau-de-mer-sera-bientot-operationnelle\/"},"modified":"2021-08-09T10:47:21","modified_gmt":"2021-08-09T14:47:21","slug":"laayoune-la-station-de-dessalement-deau-de-mer-sera-bientot-operationnelle","status":"publish","type":"post","link":"https:\/\/linitiative.ca\/International\/laayoune-la-station-de-dessalement-deau-de-mer-sera-bientot-operationnelle\/","title":{"rendered":"La\u00e2youne. La station de dessalement d\u2019eau de mer sera bient\u00f4t op\u00e9rationnelle"},"content":{"rendered":"<div><img decoding=\"async\" width=\"746\" height=\"380\" src=\"https:\/\/linitiative.ca\/International\/wp-content\/uploads\/sites\/23\/2021\/08\/Station-de-dassalement-3.jpg\" class=\"attachment-post-thumbnail size-post-thumbnail wp-post-image\" alt=\"\" loading=\"lazy\" srcset=\"https:\/\/linitiative.ca\/International\/wp-content\/uploads\/sites\/23\/2021\/08\/Station-de-dassalement-3.jpg 746w, https:\/\/www.challenge.ma\/wp-content\/uploads\/2021\/08\/Station-de-dassalement-3-300x153.jpg 300w, https:\/\/www.challenge.ma\/wp-content\/uploads\/2021\/08\/Station-de-dassalement-3-360x183.jpg 360w\" sizes=\"auto, (max-width: 746px) 100vw, 746px\" itemprop=\"image\">Abderrahim El Hafidi, Directeur g\u00e9n\u00e9ral de l\u2019Office national de l\u2019\u00e9lectricit\u00e9 et de l\u2019eau potable (ONEE), a pris connaissance lors d\u2019une visite sur le terrain de l\u2019\u00e9tat d\u2019avancement du projet de renforcement de la production d\u2019eau potable de la ville de La\u00e2youne \u00e0 travers la r\u00e9alisation d\u2019une nouvelle station de dessalement<\/div>\n<p>Auteur: challenge<br \/>\n<a href=\"https:\/\/www.challenge.ma\/laayoune-la-station-de-dessalement-deau-de-mer-sera-bientot-operationnelle-195294\/\">Cliquez ici pour lire l&rsquo;article depuis sa source.<\/a><\/p>\n","protected":false},"excerpt":{"rendered":"<p>Abderrahim El Hafidi, Directeur g\u00e9n\u00e9ral de l\u2019Office national de l\u2019\u00e9lectricit\u00e9 et de l\u2019eau potable (ONEE), a pris connaissance lors d\u2019une visite sur le terrain de l\u2019\u00e9tat d\u2019avancement du projet de renforcement de la production d\u2019eau potable de la ville de La\u00e2youne \u00e0 travers la r\u00e9alisation d\u2019une nouvelle station de dessalement Auteur: challenge Cliquez ici pour [&hellip;]<\/p>\n","protected":false},"author":1787,"featured_media":0,"comment_status":"closed","ping_status":"closed","sticky":false,"template":"","format":"standard","meta":{"fifu_image_url":"https:\/\/www.challenge.ma\/wp-content\/uploads\/2021\/08\/Station-de-dassalement-3.jpg","fifu_image_alt":"La\u00e2youne. La station de dessalement d\u2019eau de mer sera bient\u00f4t op\u00e9rationnelle","footnotes":""},"categories":[78,54],"tags":[],"class_list":["post-123697","post","type-post","status-publish","format-standard","hentry","category-economie","category-maroc"],"_links":{"self":[{"href":"https:\/\/linitiative.ca\/International\/wp-json\/wp\/v2\/posts\/123697","targetHints":{"allow":["GET"]}}],"collection":[{"href":"https:\/\/linitiative.ca\/International\/wp-json\/wp\/v2\/posts"}],"about":[{"href":"https:\/\/linitiative.ca\/International\/wp-json\/wp\/v2\/types\/post"}],"author":[{"embeddable":true,"href":"https:\/\/linitiative.ca\/International\/wp-json\/wp\/v2\/users\/1787"}],"replies":[{"embeddable":true,"href":"https:\/\/linitiative.ca\/International\/wp-json\/wp\/v2\/comments?post=123697"}],"version-history":[{"count":0,"href":"https:\/\/linitiative.ca\/International\/wp-json\/wp\/v2\/posts\/123697\/revisions"}],"wp:attachment":[{"href":"https:\/\/linitiative.ca\/International\/wp-json\/wp\/v2\/media?parent=123697"}],"wp:term":[{"taxonomy":"category","embeddable":true,"href":"https:\/\/linitiative.ca\/International\/wp-json\/wp\/v2\/categories?post=123697"},{"taxonomy":"post_tag","embeddable":true,"href":"https:\/\/linitiative.ca\/International\/wp-json\/wp\/v2\/tags?post=123697"}],"curies":[{"name":"wp","href":"https:\/\/api.w.org\/{rel}","templated":true}]}}