{"id":123701,"date":"2021-08-09T12:34:33","date_gmt":"2021-08-09T16:34:33","guid":{"rendered":"https:\/\/linitiative.ca\/International\/parution-figures-de-la-presse-marocaine-un-ouvrage-que-publie-la-map\/"},"modified":"2021-08-09T12:34:33","modified_gmt":"2021-08-09T16:34:33","slug":"parution-figures-de-la-presse-marocaine-un-ouvrage-que-publie-la-map","status":"publish","type":"post","link":"https:\/\/linitiative.ca\/International\/parution-figures-de-la-presse-marocaine-un-ouvrage-que-publie-la-map\/","title":{"rendered":"Parution. \u00abFigures de la presse marocaine\u00bb, un ouvrage que publie la MAP"},"content":{"rendered":"<div><img decoding=\"async\" width=\"612\" height=\"382\" src=\"https:\/\/linitiative.ca\/International\/wp-content\/uploads\/sites\/23\/2021\/08\/MAP-650-x-383.jpg\" class=\"attachment-post-thumbnail size-post-thumbnail wp-post-image\" alt=\"\" loading=\"lazy\" srcset=\"https:\/\/linitiative.ca\/International\/wp-content\/uploads\/sites\/23\/2021\/08\/MAP-650-x-383.jpg 612w, https:\/\/www.challenge.ma\/wp-content\/uploads\/2021\/08\/MAP-650-x-383-300x187.jpg 300w, https:\/\/www.challenge.ma\/wp-content\/uploads\/2021\/08\/MAP-650-x-383-360x225.jpg 360w\" sizes=\"auto, (max-width: 612px) 100vw, 612px\" itemprop=\"image\">L\u2019Agence marocaine de presse (MAP) vient fra\u00eechement de publier \u00abFigures de la presse marocaine\u00bb. Bien plus qu\u2019un ouvrage, il s\u2019agit d\u2019un annuaire biographique des journalistes ayant marqu\u00e9 de leur empreinte la sc\u00e8ne m\u00e9diatique nationale et qui se veut \u00e9galement une contribution \u00e0 \u00abune \u00e9tude sociologique\u00bb et \u00abune typologie structur\u00e9e\u00bb des<\/div>\n<p>Auteur: challenge<br \/>\n<a href=\"https:\/\/www.challenge.ma\/parution-figures-de-la-presse-marocaine-un-ouvrage-que-publie-la-map-195315\/\">Cliquez ici pour lire l&rsquo;article depuis sa source.<\/a><\/p>\n","protected":false},"excerpt":{"rendered":"<p>L\u2019Agence marocaine de presse (MAP) vient fra\u00eechement de publier \u00abFigures de la presse marocaine\u00bb. Bien plus qu\u2019un ouvrage, il s\u2019agit d\u2019un annuaire biographique des journalistes ayant marqu\u00e9 de leur empreinte la sc\u00e8ne m\u00e9diatique nationale et qui se veut \u00e9galement une contribution \u00e0 \u00abune \u00e9tude sociologique\u00bb et \u00abune typologie structur\u00e9e\u00bb des Auteur: challenge Cliquez ici pour [&hellip;]<\/p>\n","protected":false},"author":1787,"featured_media":0,"comment_status":"closed","ping_status":"closed","sticky":false,"template":"","format":"standard","meta":{"fifu_image_url":"https:\/\/www.challenge.ma\/wp-content\/uploads\/2021\/08\/MAP-650-x-383.jpg","fifu_image_alt":"Parution. \u00abFigures de la presse marocaine\u00bb, un ouvrage que publie la MAP","footnotes":""},"categories":[78,54],"tags":[],"class_list":["post-123701","post","type-post","status-publish","format-standard","hentry","category-economie","category-maroc"],"_links":{"self":[{"href":"https:\/\/linitiative.ca\/International\/wp-json\/wp\/v2\/posts\/123701","targetHints":{"allow":["GET"]}}],"collection":[{"href":"https:\/\/linitiative.ca\/International\/wp-json\/wp\/v2\/posts"}],"about":[{"href":"https:\/\/linitiative.ca\/International\/wp-json\/wp\/v2\/types\/post"}],"author":[{"embeddable":true,"href":"https:\/\/linitiative.ca\/International\/wp-json\/wp\/v2\/users\/1787"}],"replies":[{"embeddable":true,"href":"https:\/\/linitiative.ca\/International\/wp-json\/wp\/v2\/comments?post=123701"}],"version-history":[{"count":0,"href":"https:\/\/linitiative.ca\/International\/wp-json\/wp\/v2\/posts\/123701\/revisions"}],"wp:attachment":[{"href":"https:\/\/linitiative.ca\/International\/wp-json\/wp\/v2\/media?parent=123701"}],"wp:term":[{"taxonomy":"category","embeddable":true,"href":"https:\/\/linitiative.ca\/International\/wp-json\/wp\/v2\/categories?post=123701"},{"taxonomy":"post_tag","embeddable":true,"href":"https:\/\/linitiative.ca\/International\/wp-json\/wp\/v2\/tags?post=123701"}],"curies":[{"name":"wp","href":"https:\/\/api.w.org\/{rel}","templated":true}]}}