{"id":123708,"date":"2021-08-09T15:47:15","date_gmt":"2021-08-09T19:47:15","guid":{"rendered":"https:\/\/linitiative.ca\/International\/crise-covid-les-jeunes-en-particulier-les-plus-defavorises-risquent-des-pertes-colossales-en-revenus-futurs\/"},"modified":"2021-08-09T15:47:15","modified_gmt":"2021-08-09T19:47:15","slug":"crise-covid-les-jeunes-en-particulier-les-plus-defavorises-risquent-des-pertes-colossales-en-revenus-futurs","status":"publish","type":"post","link":"https:\/\/linitiative.ca\/International\/crise-covid-les-jeunes-en-particulier-les-plus-defavorises-risquent-des-pertes-colossales-en-revenus-futurs\/","title":{"rendered":"Crise COVID \u2013 Les jeunes, en particulier les plus d\u00e9favoris\u00e9s, risquent des pertes colossales en revenus futurs"},"content":{"rendered":"<div>\n<p>Les jeunes \u00e2g\u00e9s de 15 \u00e0 24 ans repr\u00e9sentent 1,2 milliard de personnes dans le monde et\u00a0ce chiffre devrait atteindre 1,3 milliard d\u2019ici 2030, indique un note de recherche \u00e9labor\u00e9e par Victoria Levin et Michael Weber, qui occupent les fonctions d\u2019\u00e9conomistes \u00e0 la Banque Mondiale (BM). Ceci exerce une pression \u00e9norme sur les \u00e9conomies et [\u2026]<\/p>\n<p>L\u2019article <a href=\"https:\/\/www.tunisienumerique.com\/crise-covid-les-jeunes-en-particulier-les-plus-defavorises-risquent-des-pertes-colossales-en-revenus-futurs\/\">Crise COVID \u2013 Les jeunes, en particulier les plus d\u00e9favoris\u00e9s, risquent des pertes colossales en revenus futurs<\/a> est apparu en premier sur <a href=\"https:\/\/www.tunisienumerique.com\/\">Tunisie<\/a>.<\/p>\n<\/div>\n<p>Auteur: Mohamed Ben Abderrazek<br \/>\n<a href=\"https:\/\/www.tunisienumerique.com\/crise-covid-les-jeunes-en-particulier-les-plus-defavorises-risquent-des-pertes-colossales-en-revenus-futurs\/\">Cliquez ici pour lire l&rsquo;article depuis sa source.<\/a><\/p>\n","protected":false},"excerpt":{"rendered":"<p>Les jeunes \u00e2g\u00e9s de 15 \u00e0 24 ans repr\u00e9sentent 1,2 milliard de personnes dans le monde et\u00a0ce chiffre devrait atteindre 1,3 milliard d\u2019ici 2030, indique un note de recherche \u00e9labor\u00e9e par Victoria Levin et Michael Weber, qui occupent les fonctions d\u2019\u00e9conomistes \u00e0 la Banque Mondiale (BM). Ceci exerce une pression \u00e9norme sur les \u00e9conomies et [&hellip;]<\/p>\n","protected":false},"author":1789,"featured_media":0,"comment_status":"closed","ping_status":"closed","sticky":false,"template":"","format":"standard","meta":{"fifu_image_url":"","fifu_image_alt":"","footnotes":""},"categories":[73,55],"tags":[],"class_list":["post-123708","post","type-post","status-publish","format-standard","hentry","category-actualite","category-tunisie"],"_links":{"self":[{"href":"https:\/\/linitiative.ca\/International\/wp-json\/wp\/v2\/posts\/123708","targetHints":{"allow":["GET"]}}],"collection":[{"href":"https:\/\/linitiative.ca\/International\/wp-json\/wp\/v2\/posts"}],"about":[{"href":"https:\/\/linitiative.ca\/International\/wp-json\/wp\/v2\/types\/post"}],"author":[{"embeddable":true,"href":"https:\/\/linitiative.ca\/International\/wp-json\/wp\/v2\/users\/1789"}],"replies":[{"embeddable":true,"href":"https:\/\/linitiative.ca\/International\/wp-json\/wp\/v2\/comments?post=123708"}],"version-history":[{"count":0,"href":"https:\/\/linitiative.ca\/International\/wp-json\/wp\/v2\/posts\/123708\/revisions"}],"wp:attachment":[{"href":"https:\/\/linitiative.ca\/International\/wp-json\/wp\/v2\/media?parent=123708"}],"wp:term":[{"taxonomy":"category","embeddable":true,"href":"https:\/\/linitiative.ca\/International\/wp-json\/wp\/v2\/categories?post=123708"},{"taxonomy":"post_tag","embeddable":true,"href":"https:\/\/linitiative.ca\/International\/wp-json\/wp\/v2\/tags?post=123708"}],"curies":[{"name":"wp","href":"https:\/\/api.w.org\/{rel}","templated":true}]}}