{"id":123709,"date":"2021-08-09T15:48:27","date_gmt":"2021-08-09T19:48:27","guid":{"rendered":"https:\/\/linitiative.ca\/International\/tunisie-dhaker-lhidheb-certains-services-covid-19-ont-ete-fermes\/"},"modified":"2021-08-09T15:48:27","modified_gmt":"2021-08-09T19:48:27","slug":"tunisie-dhaker-lhidheb-certains-services-covid-19-ont-ete-fermes","status":"publish","type":"post","link":"https:\/\/linitiative.ca\/International\/tunisie-dhaker-lhidheb-certains-services-covid-19-ont-ete-fermes\/","title":{"rendered":"Tunisie \u2013 Dhaker Lhidheb: \u201cCertains services Covid-19 ont \u00e9t\u00e9 ferm\u00e9s.\u201d"},"content":{"rendered":"<div>\n<p>Dr. Dhaker Lhidheb a d\u00e9clar\u00e9 le 09 ao\u00fbt 2021, que certains services Covid-19 dans les h\u00f4pitaux et les cliniques ont \u00e9t\u00e9 ferm\u00e9s apr\u00e8s la gu\u00e9rison de tous les r\u00e9sidents. Il convient de noter que ce dimanche, le minist\u00e8re de la Sant\u00e9 a recens\u00e9 la vaccination de 551 008 Tunisiens \u00e2g\u00e9s de 40 ans et plus, [\u2026]<\/p>\n<p>L\u2019article <a href=\"https:\/\/www.tunisienumerique.com\/tunisie-dhaker-lhidheb-certains-services-covid-19-ont-ete-fermes\/\">Tunisie \u2013 Dhaker Lhidheb: \u201cCertains services Covid-19 ont \u00e9t\u00e9 ferm\u00e9s.\u201d<\/a> est apparu en premier sur <a href=\"https:\/\/www.tunisienumerique.com\/\">Tunisie<\/a>.<\/p>\n<\/div>\n<p>Auteur: rania ben slimane<br \/>\n<a href=\"https:\/\/www.tunisienumerique.com\/tunisie-dhaker-lhidheb-certains-services-covid-19-ont-ete-fermes\/\">Cliquez ici pour lire l&rsquo;article depuis sa source.<\/a><\/p>\n","protected":false},"excerpt":{"rendered":"<p>Dr. Dhaker Lhidheb a d\u00e9clar\u00e9 le 09 ao\u00fbt 2021, que certains services Covid-19 dans les h\u00f4pitaux et les cliniques ont \u00e9t\u00e9 ferm\u00e9s apr\u00e8s la gu\u00e9rison de tous les r\u00e9sidents. Il convient de noter que ce dimanche, le minist\u00e8re de la Sant\u00e9 a recens\u00e9 la vaccination de 551 008 Tunisiens \u00e2g\u00e9s de 40 ans et plus, [&hellip;]<\/p>\n","protected":false},"author":1789,"featured_media":0,"comment_status":"closed","ping_status":"closed","sticky":false,"template":"","format":"standard","meta":{"fifu_image_url":"","fifu_image_alt":"","footnotes":""},"categories":[73,55],"tags":[],"class_list":["post-123709","post","type-post","status-publish","format-standard","hentry","category-actualite","category-tunisie"],"_links":{"self":[{"href":"https:\/\/linitiative.ca\/International\/wp-json\/wp\/v2\/posts\/123709","targetHints":{"allow":["GET"]}}],"collection":[{"href":"https:\/\/linitiative.ca\/International\/wp-json\/wp\/v2\/posts"}],"about":[{"href":"https:\/\/linitiative.ca\/International\/wp-json\/wp\/v2\/types\/post"}],"author":[{"embeddable":true,"href":"https:\/\/linitiative.ca\/International\/wp-json\/wp\/v2\/users\/1789"}],"replies":[{"embeddable":true,"href":"https:\/\/linitiative.ca\/International\/wp-json\/wp\/v2\/comments?post=123709"}],"version-history":[{"count":0,"href":"https:\/\/linitiative.ca\/International\/wp-json\/wp\/v2\/posts\/123709\/revisions"}],"wp:attachment":[{"href":"https:\/\/linitiative.ca\/International\/wp-json\/wp\/v2\/media?parent=123709"}],"wp:term":[{"taxonomy":"category","embeddable":true,"href":"https:\/\/linitiative.ca\/International\/wp-json\/wp\/v2\/categories?post=123709"},{"taxonomy":"post_tag","embeddable":true,"href":"https:\/\/linitiative.ca\/International\/wp-json\/wp\/v2\/tags?post=123709"}],"curies":[{"name":"wp","href":"https:\/\/api.w.org\/{rel}","templated":true}]}}