{"id":123710,"date":"2021-08-09T17:12:56","date_gmt":"2021-08-09T21:12:56","guid":{"rendered":"https:\/\/linitiative.ca\/International\/tunisie-audio-imed-ben-halima-sexprime-sur-laction-judiciaire-entamee-par-45-juges-contre-les-decisions-de-kais-saied\/"},"modified":"2021-08-09T17:12:56","modified_gmt":"2021-08-09T21:12:56","slug":"tunisie-audio-imed-ben-halima-sexprime-sur-laction-judiciaire-entamee-par-45-juges-contre-les-decisions-de-kais-saied","status":"publish","type":"post","link":"https:\/\/linitiative.ca\/International\/tunisie-audio-imed-ben-halima-sexprime-sur-laction-judiciaire-entamee-par-45-juges-contre-les-decisions-de-kais-saied\/","title":{"rendered":"Tunisie [AUDIO] : Imed Ben Halima s\u2019exprime sur l\u2019action judiciaire entam\u00e9e par 45 juges contre les d\u00e9cisions de Kais Saied"},"content":{"rendered":"<div>\n<p>Dans une d\u00e9claration accord\u00e9e \u00e0 Tunisienumrique ce soir 09 ao\u00fbt 2021, l\u2019activiste politique par ailleurs avocat, Me. Imed Ben Halima a comment\u00e9 l\u2019action judiciaire d\u00e9pos\u00e9e par 45 juges contre les d\u00e9cisions du pr\u00e9sident Kais Saied. Apr\u00e8s l\u2019examen du communiqu\u00e9 sign\u00e9 par les 45 juges dans lequel ils contestent l\u2019assignation \u00e0 la r\u00e9sidence de deux juges, [\u2026]<\/p>\n<p>L\u2019article <a href=\"https:\/\/www.tunisienumerique.com\/tunisie-audio-imed-ben-halima-sexprime-sur-laction-judiciaire-entamee-par-45-juges-contre-les-decisions-de-kais-saied\/\">Tunisie [AUDIO] : Imed Ben Halima s\u2019exprime sur l\u2019action judiciaire entam\u00e9e par 45 juges contre les d\u00e9cisions de Kais Saied<\/a> est apparu en premier sur <a href=\"https:\/\/www.tunisienumerique.com\/\">Tunisie<\/a>.<\/p>\n<\/div>\n<p>Auteur: rania ben slimane<br \/>\n<a href=\"https:\/\/www.tunisienumerique.com\/tunisie-audio-imed-ben-halima-sexprime-sur-laction-judiciaire-entamee-par-45-juges-contre-les-decisions-de-kais-saied\/\">Cliquez ici pour lire l&rsquo;article depuis sa source.<\/a><\/p>\n","protected":false},"excerpt":{"rendered":"<p>Dans une d\u00e9claration accord\u00e9e \u00e0 Tunisienumrique ce soir 09 ao\u00fbt 2021, l\u2019activiste politique par ailleurs avocat, Me. Imed Ben Halima a comment\u00e9 l\u2019action judiciaire d\u00e9pos\u00e9e par 45 juges contre les d\u00e9cisions du pr\u00e9sident Kais Saied. Apr\u00e8s l\u2019examen du communiqu\u00e9 sign\u00e9 par les 45 juges dans lequel ils contestent l\u2019assignation \u00e0 la r\u00e9sidence de deux juges, [&hellip;]<\/p>\n","protected":false},"author":1789,"featured_media":0,"comment_status":"closed","ping_status":"closed","sticky":false,"template":"","format":"standard","meta":{"fifu_image_url":"","fifu_image_alt":"","footnotes":""},"categories":[73,55],"tags":[],"class_list":["post-123710","post","type-post","status-publish","format-standard","hentry","category-actualite","category-tunisie"],"_links":{"self":[{"href":"https:\/\/linitiative.ca\/International\/wp-json\/wp\/v2\/posts\/123710","targetHints":{"allow":["GET"]}}],"collection":[{"href":"https:\/\/linitiative.ca\/International\/wp-json\/wp\/v2\/posts"}],"about":[{"href":"https:\/\/linitiative.ca\/International\/wp-json\/wp\/v2\/types\/post"}],"author":[{"embeddable":true,"href":"https:\/\/linitiative.ca\/International\/wp-json\/wp\/v2\/users\/1789"}],"replies":[{"embeddable":true,"href":"https:\/\/linitiative.ca\/International\/wp-json\/wp\/v2\/comments?post=123710"}],"version-history":[{"count":0,"href":"https:\/\/linitiative.ca\/International\/wp-json\/wp\/v2\/posts\/123710\/revisions"}],"wp:attachment":[{"href":"https:\/\/linitiative.ca\/International\/wp-json\/wp\/v2\/media?parent=123710"}],"wp:term":[{"taxonomy":"category","embeddable":true,"href":"https:\/\/linitiative.ca\/International\/wp-json\/wp\/v2\/categories?post=123710"},{"taxonomy":"post_tag","embeddable":true,"href":"https:\/\/linitiative.ca\/International\/wp-json\/wp\/v2\/tags?post=123710"}],"curies":[{"name":"wp","href":"https:\/\/api.w.org\/{rel}","templated":true}]}}