{"id":123711,"date":"2021-08-09T17:22:23","date_gmt":"2021-08-09T21:22:23","guid":{"rendered":"https:\/\/linitiative.ca\/International\/tunisie-vaccination-celui-qui-na-pas-pu-sauver-les-gens-est-fautif-celui-qui-pouvait-et-le-la-pas-fait-lest-encore-plus\/"},"modified":"2021-08-09T17:22:23","modified_gmt":"2021-08-09T21:22:23","slug":"tunisie-vaccination-celui-qui-na-pas-pu-sauver-les-gens-est-fautif-celui-qui-pouvait-et-le-la-pas-fait-lest-encore-plus","status":"publish","type":"post","link":"https:\/\/linitiative.ca\/International\/tunisie-vaccination-celui-qui-na-pas-pu-sauver-les-gens-est-fautif-celui-qui-pouvait-et-le-la-pas-fait-lest-encore-plus\/","title":{"rendered":"Tunisie \u2013 Vaccination\u00a0: Celui qui n\u2019a pas pu sauver les gens est fautif\u2026 Celui qui pouvait et le l\u2019a pas fait l\u2019est encore plus\u00a0!"},"content":{"rendered":"<div>\n<p>La campagne de vaccination anti covid en Tunisie a pris \u00e9norm\u00e9ment de retard. Ceux qui pr\u00e9sidaient \u00e0 cette t\u00e2che ont \u00e9chou\u00e9 \u00e0 la d\u00e9marrer comme il le fallait et \u00e0 la faire avancer. Ils ont, par la m\u00eame occasion, \u00e9t\u00e9, plus ou moins, la cause directe du d\u00e9c\u00e8s de milliers de personnes. Ces personnes qui [\u2026]<\/p>\n<p>L\u2019article <a href=\"https:\/\/www.tunisienumerique.com\/tunisie-vaccination-celui-qui-na-pas-pu-sauver-les-gens-est-fautif-celui-qui-pouvait-et-le-la-pas-fait-lest-encore-plus\/\">Tunisie \u2013 Vaccination\u00a0: Celui qui n\u2019a pas pu sauver les gens est fautif\u2026 Celui qui pouvait et le l\u2019a pas fait l\u2019est encore plus\u00a0!<\/a> est apparu en premier sur <a href=\"https:\/\/www.tunisienumerique.com\/\">Tunisie<\/a>.<\/p>\n<\/div>\n<p>Auteur: Saber .<br \/>\n<a href=\"https:\/\/www.tunisienumerique.com\/tunisie-vaccination-celui-qui-na-pas-pu-sauver-les-gens-est-fautif-celui-qui-pouvait-et-le-la-pas-fait-lest-encore-plus\/\">Cliquez ici pour lire l&rsquo;article depuis sa source.<\/a><\/p>\n","protected":false},"excerpt":{"rendered":"<p>La campagne de vaccination anti covid en Tunisie a pris \u00e9norm\u00e9ment de retard. Ceux qui pr\u00e9sidaient \u00e0 cette t\u00e2che ont \u00e9chou\u00e9 \u00e0 la d\u00e9marrer comme il le fallait et \u00e0 la faire avancer. Ils ont, par la m\u00eame occasion, \u00e9t\u00e9, plus ou moins, la cause directe du d\u00e9c\u00e8s de milliers de personnes. Ces personnes qui [&hellip;]<\/p>\n","protected":false},"author":1789,"featured_media":0,"comment_status":"closed","ping_status":"closed","sticky":false,"template":"","format":"standard","meta":{"fifu_image_url":"","fifu_image_alt":"","footnotes":""},"categories":[73,55],"tags":[],"class_list":["post-123711","post","type-post","status-publish","format-standard","hentry","category-actualite","category-tunisie"],"_links":{"self":[{"href":"https:\/\/linitiative.ca\/International\/wp-json\/wp\/v2\/posts\/123711","targetHints":{"allow":["GET"]}}],"collection":[{"href":"https:\/\/linitiative.ca\/International\/wp-json\/wp\/v2\/posts"}],"about":[{"href":"https:\/\/linitiative.ca\/International\/wp-json\/wp\/v2\/types\/post"}],"author":[{"embeddable":true,"href":"https:\/\/linitiative.ca\/International\/wp-json\/wp\/v2\/users\/1789"}],"replies":[{"embeddable":true,"href":"https:\/\/linitiative.ca\/International\/wp-json\/wp\/v2\/comments?post=123711"}],"version-history":[{"count":0,"href":"https:\/\/linitiative.ca\/International\/wp-json\/wp\/v2\/posts\/123711\/revisions"}],"wp:attachment":[{"href":"https:\/\/linitiative.ca\/International\/wp-json\/wp\/v2\/media?parent=123711"}],"wp:term":[{"taxonomy":"category","embeddable":true,"href":"https:\/\/linitiative.ca\/International\/wp-json\/wp\/v2\/categories?post=123711"},{"taxonomy":"post_tag","embeddable":true,"href":"https:\/\/linitiative.ca\/International\/wp-json\/wp\/v2\/tags?post=123711"}],"curies":[{"name":"wp","href":"https:\/\/api.w.org\/{rel}","templated":true}]}}