{"id":123712,"date":"2021-08-09T15:24:34","date_gmt":"2021-08-09T19:24:34","guid":{"rendered":"https:\/\/linitiative.ca\/International\/proces-de-presumes-terroristes-sur-fond-dattaques-meurtrieres-au-burkina\/"},"modified":"2021-08-09T15:24:34","modified_gmt":"2021-08-09T19:24:34","slug":"proces-de-presumes-terroristes-sur-fond-dattaques-meurtrieres-au-burkina","status":"publish","type":"post","link":"https:\/\/linitiative.ca\/International\/proces-de-presumes-terroristes-sur-fond-dattaques-meurtrieres-au-burkina\/","title":{"rendered":"PROCES DE PRESUMES TERRORISTES SUR FOND D\u2019ATTAQUES MEURTRIERES AU BURKINA"},"content":{"rendered":"<div>\n<p><img decoding=\"async\" width=\"750\" height=\"391\" src=\"https:\/\/linitiative.ca\/International\/wp-content\/uploads\/sites\/23\/2021\/08\/PROCES.jpeg\" class=\"attachment- size- wp-post-image\" alt=\"\" loading=\"lazy\" style=\"float:left; margin:0 15px 15px 0;\" srcset=\"https:\/\/linitiative.ca\/International\/wp-content\/uploads\/sites\/23\/2021\/08\/PROCES.jpeg 750w, https:\/\/lepays.bf\/wp-content\/uploads\/2021\/08\/PROCES-300x156.jpeg 300w\" sizes=\"auto, (max-width: 750px) 100vw, 750px\">La chambre correctionnelle du p\u00f4le judiciaire sp\u00e9cialis\u00e9 dans la r\u00e9pression des actes terroristes a ouvert, le 9 ao\u00fbt dernier, sa premi\u00e8re session de jugement dans la salle d\u2019audience n\u00b01 du Tribunal de grande instance Ouaga II. Telle est la substance du communiqu\u00e9 que le procureur de ce tribunal, Emile Zerbo, a rendu public. Il est \u2026<\/p>\n<p>L\u2019article <a rel=\"nofollow\" href=\"https:\/\/lepays.bf\/proces-de-presumes-terroristes-sur-fond-dattaques-meurtrieres-au-burkina\/\">PROCES DE PRESUMES TERRORISTES SUR FOND D\u2019ATTAQUES MEURTRIERES AU BURKINA<\/a> est apparu en premier sur <a rel=\"nofollow\" href=\"https:\/\/lepays.bf\/\">Editions Le Pays<\/a>.<\/p>\n<\/div>\n<p>Auteur: Editions LEPAYS<br \/>\n<a href=\"https:\/\/lepays.bf\/proces-de-presumes-terroristes-sur-fond-dattaques-meurtrieres-au-burkina\/\">Cliquez ici pour lire l&rsquo;article depuis sa source.<\/a><\/p>\n","protected":false},"excerpt":{"rendered":"<p>La chambre correctionnelle du p\u00f4le judiciaire sp\u00e9cialis\u00e9 dans la r\u00e9pression des actes terroristes a ouvert, le 9 ao\u00fbt dernier, sa premi\u00e8re session de jugement dans la salle d\u2019audience n\u00b01 du Tribunal de grande instance Ouaga II. Telle est la substance du communiqu\u00e9 que le procureur de ce tribunal, Emile Zerbo, a rendu public. Il est [&hellip;]<\/p>\n","protected":false},"author":1813,"featured_media":0,"comment_status":"closed","ping_status":"closed","sticky":false,"template":"","format":"standard","meta":{"fifu_image_url":"https:\/\/lepays.bf\/wp-content\/uploads\/2021\/08\/PROCES.jpeg","fifu_image_alt":"PROCES DE PRESUMES TERRORISTES SUR FOND D\u2019ATTAQUES MEURTRIERES AU BURKINA","footnotes":""},"categories":[73,81],"tags":[],"class_list":["post-123712","post","type-post","status-publish","format-standard","hentry","category-actualite","category-burkina-faso"],"_links":{"self":[{"href":"https:\/\/linitiative.ca\/International\/wp-json\/wp\/v2\/posts\/123712","targetHints":{"allow":["GET"]}}],"collection":[{"href":"https:\/\/linitiative.ca\/International\/wp-json\/wp\/v2\/posts"}],"about":[{"href":"https:\/\/linitiative.ca\/International\/wp-json\/wp\/v2\/types\/post"}],"author":[{"embeddable":true,"href":"https:\/\/linitiative.ca\/International\/wp-json\/wp\/v2\/users\/1813"}],"replies":[{"embeddable":true,"href":"https:\/\/linitiative.ca\/International\/wp-json\/wp\/v2\/comments?post=123712"}],"version-history":[{"count":0,"href":"https:\/\/linitiative.ca\/International\/wp-json\/wp\/v2\/posts\/123712\/revisions"}],"wp:attachment":[{"href":"https:\/\/linitiative.ca\/International\/wp-json\/wp\/v2\/media?parent=123712"}],"wp:term":[{"taxonomy":"category","embeddable":true,"href":"https:\/\/linitiative.ca\/International\/wp-json\/wp\/v2\/categories?post=123712"},{"taxonomy":"post_tag","embeddable":true,"href":"https:\/\/linitiative.ca\/International\/wp-json\/wp\/v2\/tags?post=123712"}],"curies":[{"name":"wp","href":"https:\/\/api.w.org\/{rel}","templated":true}]}}