{"id":123716,"date":"2021-08-09T15:30:37","date_gmt":"2021-08-09T19:30:37","guid":{"rendered":"https:\/\/linitiative.ca\/International\/querelle-de-leadership-au-sein-du-fpi\/"},"modified":"2021-08-09T15:30:37","modified_gmt":"2021-08-09T19:30:37","slug":"querelle-de-leadership-au-sein-du-fpi","status":"publish","type":"post","link":"https:\/\/linitiative.ca\/International\/querelle-de-leadership-au-sein-du-fpi\/","title":{"rendered":"QUERELLE DE LEADERSHIP AU SEIN DU FPI"},"content":{"rendered":"<div>\n<p><img decoding=\"async\" width=\"720\" height=\"486\" src=\"https:\/\/linitiative.ca\/International\/wp-content\/uploads\/sites\/23\/2021\/08\/affi-gbagbo-2.jpg\" class=\"attachment- size- wp-post-image\" alt=\"\" loading=\"lazy\" style=\"float:left; margin:0 15px 15px 0;\" srcset=\"https:\/\/linitiative.ca\/International\/wp-content\/uploads\/sites\/23\/2021\/08\/affi-gbagbo-2.jpg 720w, https:\/\/lepays.bf\/wp-content\/uploads\/2021\/08\/affi-gbagbo-2-300x203.jpg 300w, https:\/\/lepays.bf\/wp-content\/uploads\/2021\/08\/affi-gbagbo-2-220x150.jpg 220w\" sizes=\"auto, (max-width: 720px) 100vw, 720px\">Le 9 ao\u00fbt 2021, l\u2019ex-pr\u00e9sident Laurent Gbagbo a r\u00e9uni \u00e0 Abidjan, un \u00ab\u00a0comit\u00e9 central extraordinaire\u00a0\u00bb de son parti, le Front populaire ivoirien (FPI).\u00a0 Une fa\u00e7on de lancer officiellement son agenda politique apr\u00e8s son retour au pays, sous la houlette de la haute direction du parti au sein de laquelle se comptent de nombreux cadres dont \u2026<\/p>\n<p>L\u2019article <a rel=\"nofollow\" href=\"https:\/\/lepays.bf\/querelle-de-leadership-au-sein-du-fpi\/\">QUERELLE DE LEADERSHIP AU SEIN DU FPI<\/a> est apparu en premier sur <a rel=\"nofollow\" href=\"https:\/\/lepays.bf\/\">Editions Le Pays<\/a>.<\/p>\n<\/div>\n<p>Auteur: Editions LEPAYS<br \/>\n<a href=\"https:\/\/lepays.bf\/querelle-de-leadership-au-sein-du-fpi\/\">Cliquez ici pour lire l&rsquo;article depuis sa source.<\/a><\/p>\n","protected":false},"excerpt":{"rendered":"<p>Le 9 ao\u00fbt 2021, l\u2019ex-pr\u00e9sident Laurent Gbagbo a r\u00e9uni \u00e0 Abidjan, un \u00ab\u00a0comit\u00e9 central extraordinaire\u00a0\u00bb de son parti, le Front populaire ivoirien (FPI).\u00a0 Une fa\u00e7on de lancer officiellement son agenda politique apr\u00e8s son retour au pays, sous la houlette de la haute direction du parti au sein de laquelle se comptent de nombreux cadres dont [&hellip;]<\/p>\n","protected":false},"author":1813,"featured_media":0,"comment_status":"closed","ping_status":"closed","sticky":false,"template":"","format":"standard","meta":{"fifu_image_url":"https:\/\/lepays.bf\/wp-content\/uploads\/2021\/08\/affi-gbagbo-2.jpg","fifu_image_alt":"QUERELLE DE LEADERSHIP AU SEIN DU FPI","footnotes":""},"categories":[73,81],"tags":[],"class_list":["post-123716","post","type-post","status-publish","format-standard","hentry","category-actualite","category-burkina-faso"],"_links":{"self":[{"href":"https:\/\/linitiative.ca\/International\/wp-json\/wp\/v2\/posts\/123716","targetHints":{"allow":["GET"]}}],"collection":[{"href":"https:\/\/linitiative.ca\/International\/wp-json\/wp\/v2\/posts"}],"about":[{"href":"https:\/\/linitiative.ca\/International\/wp-json\/wp\/v2\/types\/post"}],"author":[{"embeddable":true,"href":"https:\/\/linitiative.ca\/International\/wp-json\/wp\/v2\/users\/1813"}],"replies":[{"embeddable":true,"href":"https:\/\/linitiative.ca\/International\/wp-json\/wp\/v2\/comments?post=123716"}],"version-history":[{"count":0,"href":"https:\/\/linitiative.ca\/International\/wp-json\/wp\/v2\/posts\/123716\/revisions"}],"wp:attachment":[{"href":"https:\/\/linitiative.ca\/International\/wp-json\/wp\/v2\/media?parent=123716"}],"wp:term":[{"taxonomy":"category","embeddable":true,"href":"https:\/\/linitiative.ca\/International\/wp-json\/wp\/v2\/categories?post=123716"},{"taxonomy":"post_tag","embeddable":true,"href":"https:\/\/linitiative.ca\/International\/wp-json\/wp\/v2\/tags?post=123716"}],"curies":[{"name":"wp","href":"https:\/\/api.w.org\/{rel}","templated":true}]}}