{"id":123718,"date":"2021-08-09T05:58:00","date_gmt":"2021-08-09T09:58:00","guid":{"rendered":"https:\/\/linitiative.ca\/International\/region-du-centre-est-et-est-le-lac-kompienga-sera-momentane-ferme\/"},"modified":"2021-08-09T05:58:00","modified_gmt":"2021-08-09T09:58:00","slug":"region-du-centre-est-et-est-le-lac-kompienga-sera-momentane-ferme","status":"publish","type":"post","link":"https:\/\/linitiative.ca\/International\/region-du-centre-est-et-est-le-lac-kompienga-sera-momentane-ferme\/","title":{"rendered":"R\u00e9gion du Centre-Est et Est : le lac Kompienga sera momentan\u00e9 ferm\u00e9"},"content":{"rendered":"<div>\n<p>Les gouverneurs du Centre-Est et de l\u2019Est, ont l\u2019honneur de porter \u00e0 la connaissance des populations riveraines du lac de Kompienga ainsi que tous les acteurs du secteur de la p\u00eache (p\u00eacheurs, mareyeurs, transformatrices, commer\u00e7ants et transporteurs de poisson), que le lac sera ferm\u00e9 \u00e0 la p\u00eache du 15 ao\u00fbt au 15 septembre 2021 inclus.<\/p>\n<p>Par cons\u00e9quent, toutes les activit\u00e9s de p\u00eache, de transformation, de commercialisation et de transport de poissons \u00e0 partir du lac Kompienga seront formellement interdites durant la p\u00e9riode.<\/p>\n<p>Tout contrevenants \u00e0 la pr\u00e9sente mesure sera sanctionn\u00e9 conform\u00e9ment aux textes en vigueur.<\/p>\n<p><img decoding=\"async\" loading=\"lazy\" class=\"alignnone wp-image-38351 size-large\" src=\"https:\/\/linitiative.ca\/International\/wp-content\/uploads\/sites\/23\/2021\/08\/PH-ferme-LAC-732x1024-1.jpg\" alt=\"\" width=\"696\" height=\"974\" srcset=\"https:\/\/linitiative.ca\/International\/wp-content\/uploads\/sites\/23\/2021\/08\/PH-ferme-LAC-732x1024-1.jpg 732w, https:\/\/www.sidwaya.info\/wp-content\/uploads\/2021\/08\/PH-ferme-LAC-214x300.jpg 214w, https:\/\/www.sidwaya.info\/wp-content\/uploads\/2021\/08\/PH-ferme-LAC-768x1074.jpg 768w, https:\/\/www.sidwaya.info\/wp-content\/uploads\/2021\/08\/PH-ferme-LAC-150x210.jpg 150w, https:\/\/www.sidwaya.info\/wp-content\/uploads\/2021\/08\/PH-ferme-LAC-300x420.jpg 300w, https:\/\/www.sidwaya.info\/wp-content\/uploads\/2021\/08\/PH-ferme-LAC-696x974.jpg 696w, https:\/\/www.sidwaya.info\/wp-content\/uploads\/2021\/08\/PH-ferme-LAC.jpg 772w\" sizes=\"auto, (max-width: 696px) 100vw, 696px\"><\/p>\n<p>\u00a0<\/p>\n<p>L\u2019article <a rel=\"nofollow\" href=\"https:\/\/www.sidwaya.info\/blog\/2021\/08\/09\/region-du-centre-est-et-est-le-lac-kompienga-sera-momentane-ferme\/\">R\u00e9gion du Centre-Est et Est : le lac Kompienga sera momentan\u00e9 ferm\u00e9<\/a> est apparu en premier sur <a rel=\"nofollow\" href=\"https:\/\/www.sidwaya.info\/\">Quotidien Sidwaya<\/a>.<\/p>\n<\/div>\n<p>Auteur: Wamini SIDWAYA<br \/>\n<a href=\"https:\/\/www.sidwaya.info\/blog\/2021\/08\/09\/region-du-centre-est-et-est-le-lac-kompienga-sera-momentane-ferme\/\">Cliquez ici pour lire l&rsquo;article depuis sa source.<\/a><\/p>\n","protected":false},"excerpt":{"rendered":"<p>Les gouverneurs du Centre-Est et de l\u2019Est, ont l\u2019honneur de porter \u00e0 la connaissance des populations riveraines du lac de Kompienga ainsi que tous les acteurs du secteur de la p\u00eache (p\u00eacheurs, mareyeurs, transformatrices, commer\u00e7ants et transporteurs de poisson), que le lac sera ferm\u00e9 \u00e0 la p\u00eache du 15 ao\u00fbt au 15 septembre 2021 inclus. [&hellip;]<\/p>\n","protected":false},"author":1816,"featured_media":0,"comment_status":"closed","ping_status":"closed","sticky":false,"template":"","format":"standard","meta":{"fifu_image_url":"https:\/\/www.sidwaya.info\/wp-content\/uploads\/2021\/08\/PH-ferme-LAC-732x1024.jpg","fifu_image_alt":"R\u00e9gion du Centre-Est et Est : le lac Kompienga sera momentan\u00e9 ferm\u00e9","footnotes":""},"categories":[73,81],"tags":[],"class_list":["post-123718","post","type-post","status-publish","format-standard","hentry","category-actualite","category-burkina-faso"],"_links":{"self":[{"href":"https:\/\/linitiative.ca\/International\/wp-json\/wp\/v2\/posts\/123718","targetHints":{"allow":["GET"]}}],"collection":[{"href":"https:\/\/linitiative.ca\/International\/wp-json\/wp\/v2\/posts"}],"about":[{"href":"https:\/\/linitiative.ca\/International\/wp-json\/wp\/v2\/types\/post"}],"author":[{"embeddable":true,"href":"https:\/\/linitiative.ca\/International\/wp-json\/wp\/v2\/users\/1816"}],"replies":[{"embeddable":true,"href":"https:\/\/linitiative.ca\/International\/wp-json\/wp\/v2\/comments?post=123718"}],"version-history":[{"count":0,"href":"https:\/\/linitiative.ca\/International\/wp-json\/wp\/v2\/posts\/123718\/revisions"}],"wp:attachment":[{"href":"https:\/\/linitiative.ca\/International\/wp-json\/wp\/v2\/media?parent=123718"}],"wp:term":[{"taxonomy":"category","embeddable":true,"href":"https:\/\/linitiative.ca\/International\/wp-json\/wp\/v2\/categories?post=123718"},{"taxonomy":"post_tag","embeddable":true,"href":"https:\/\/linitiative.ca\/International\/wp-json\/wp\/v2\/tags?post=123718"}],"curies":[{"name":"wp","href":"https:\/\/api.w.org\/{rel}","templated":true}]}}