{"id":123724,"date":"2021-08-09T12:18:01","date_gmt":"2021-08-09T16:18:01","guid":{"rendered":"https:\/\/linitiative.ca\/International\/guinee-lopposant-abdoulaye-bah-renvoye-en-prison\/"},"modified":"2021-08-09T12:18:01","modified_gmt":"2021-08-09T16:18:01","slug":"guinee-lopposant-abdoulaye-bah-renvoye-en-prison","status":"publish","type":"post","link":"https:\/\/linitiative.ca\/International\/guinee-lopposant-abdoulaye-bah-renvoye-en-prison\/","title":{"rendered":"Guin\u00e9e : l\u2019opposant Abdoulaye Bah renvoy\u00e9 en prison"},"content":{"rendered":"<div>\n<p><img loading=\"lazy\" decoding=\"async\" width=\"870\" height=\"819\" src=\"https:\/\/linitiative.ca\/International\/wp-content\/uploads\/sites\/23\/2021\/08\/16285258818549.jpg\" class=\"attachment-post-thumbnail size-post-thumbnail wp-post-image\" alt=\"\" srcset=\"https:\/\/linitiative.ca\/International\/wp-content\/uploads\/sites\/23\/2021\/08\/16285258818549.jpg 870w, https:\/\/www.journalducameroun.com\/wp-content\/uploads\/2021\/08\/16285258818549-300x282.jpg 300w, https:\/\/www.journalducameroun.com\/wp-content\/uploads\/2021\/08\/16285258818549-768x723.jpg 768w, https:\/\/www.journalducameroun.com\/wp-content\/uploads\/2021\/08\/16285258818549-467x440.jpg 467w, https:\/\/www.journalducameroun.com\/wp-content\/uploads\/2021\/08\/16285258818549-600x565.jpg 600w\" sizes=\"auto, (max-width: 870px) 100vw, 870px\"><\/p>\n<p>L&rsquo;administration p\u00e9nitentiaire accuse l&rsquo;opposant d&rsquo;avoir viol\u00e9 \u00ab les termes et conditions \u00bb de sa libert\u00e9 conditionnelle pour des raisons de sant\u00e9.La libert\u00e9 n&rsquo;aura \u00e9t\u00e9 que de courte dur\u00e9e pour Abdoulaye Bah. En effet, trois semaines apr\u00e8s avoir b\u00e9n\u00e9fici\u00e9 d&rsquo;une libert\u00e9 conditionnelle pour des raisons de sant\u00e9, l&rsquo;ancien pr\u00e9sident de la d\u00e9l\u00e9gation sp\u00e9ciale de Kindia (ouest) vient \u00e0 nouveau de rejoindre ce lundi la prison centrale de Conakry, la capitale.<\/p>\n<p>Le responsable national charg\u00e9 du marketing politique et de l&rsquo;animation de l&rsquo;Union des Forces D\u00e9mocratiques de Guin\u00e9e (UFDG) \u00ab s&rsquo;est livr\u00e9 \u00e0 des appels \u00e0 la d\u00e9sob\u00e9issance civile et des atteintes aux Institutions de la R\u00e9publique \u00bb, lit-on dans le communiqu\u00e9 sign\u00e9 du directeur national l&rsquo;administration p\u00e9nitentiaire et de la r\u00e9insertion, Charles Victor Maka.<\/p>\n<p>Selon certains m\u00e9dias, Abdoulaye Bah aurait rappel\u00e9 dans cette vid\u00e9o que Cellou Dalein Diallo, leader de l&rsquo;UFDG, a bel et bien \u00e9t\u00e9 \u00e9lu pr\u00e9sident de la Guin\u00e9e lors de la pr\u00e9sidentielle du 21 octobre 2020 et que ce dernier ne peut pas reconna\u00eetre Alpha Cond\u00e9 comme chef de l&rsquo;\u00c9tat.<\/p>\n<p>Pour l&rsquo;UFDG, le retour en prison d&rsquo;un \u00ab cadre indomptable et incorruptible \u00bb de ce parti ne vise qu&rsquo;\u00e0 \u00ab affaiblir \u00bb cette formation politique. Car Abdoulaye Bah \u00ab n&rsquo;a viol\u00e9 aucune mesure \u00bb qui lui \u00e9tait impos\u00e9e par les autorit\u00e9s.<\/p>\n<p>Dans une vid\u00e9o post\u00e9e dimanche sur Facebook, \u00ab il (Abdoulaye Bah) a r\u00e9it\u00e9r\u00e9 sa d\u00e9termination \u00e0 d\u00e9fendre les valeurs pour lesquelles se bat l&rsquo;UFDG \u00bb, a indiqu\u00e9 le responsable de la cellule de communication du parti, Joachim Baba Millimouno, r\u00e9futant en bloc les raisons de cette nouvelle incarc\u00e9ration du natif de Kindia (centre).<\/p>\n<p>Arr\u00eat\u00e9 en d\u00e9but novembre de l&rsquo;ann\u00e9e derni\u00e8re, Abdoulaye Bah avait b\u00e9n\u00e9fici\u00e9, le 16 juillet dernier, avec certains cadres de l&rsquo;Union des forces d\u00e9mocratiques de Guin\u00e9e (UFDG), d&rsquo;une libert\u00e9 semi-surveill\u00e9e pour des raisons de sant\u00e9.<\/p>\n<p>Cet article <a rel=\"nofollow\" href=\"https:\/\/www.journalducameroun.com\/guinee-lopposant-abdoulaye-bah-renvoye-en-prison\/\">Guin\u00e9e : l\u2019opposant Abdoulaye Bah renvoy\u00e9 en prison<\/a> est apparu en premier sur <a rel=\"nofollow\" href=\"https:\/\/www.journalducameroun.com\/\">Journal du Cameroun<\/a>.<\/p>\n<\/div>\n<p>Auteur: APA News<br \/>\n<a href=\"https:\/\/www.journalducameroun.com\/guinee-lopposant-abdoulaye-bah-renvoye-en-prison\/\">Cliquez ici pour lire l&rsquo;article depuis sa source.<\/a><\/p>\n","protected":false},"excerpt":{"rendered":"<p>L&rsquo;administration p\u00e9nitentiaire accuse l&rsquo;opposant d&rsquo;avoir viol\u00e9 \u00ab les termes et conditions \u00bb de sa libert\u00e9 conditionnelle pour des raisons de sant\u00e9.La libert\u00e9 n&rsquo;aura \u00e9t\u00e9 que de courte dur\u00e9e pour Abdoulaye Bah. En effet, trois semaines apr\u00e8s avoir b\u00e9n\u00e9fici\u00e9 d&rsquo;une libert\u00e9 conditionnelle pour des raisons de sant\u00e9, l&rsquo;ancien pr\u00e9sident de la d\u00e9l\u00e9gation sp\u00e9ciale de Kindia (ouest) [&hellip;]<\/p>\n","protected":false},"author":1965,"featured_media":0,"comment_status":"closed","ping_status":"closed","sticky":false,"template":"","format":"standard","meta":{"fifu_image_url":"https:\/\/www.journalducameroun.com\/wp-content\/uploads\/2021\/08\/16285258818549.jpg","fifu_image_alt":"Guin\u00e9e : l\u2019opposant Abdoulaye Bah renvoy\u00e9 en prison","footnotes":""},"categories":[73,82],"tags":[],"class_list":["post-123724","post","type-post","status-publish","format-standard","hentry","category-actualite","category-cameroun"],"_links":{"self":[{"href":"https:\/\/linitiative.ca\/International\/wp-json\/wp\/v2\/posts\/123724","targetHints":{"allow":["GET"]}}],"collection":[{"href":"https:\/\/linitiative.ca\/International\/wp-json\/wp\/v2\/posts"}],"about":[{"href":"https:\/\/linitiative.ca\/International\/wp-json\/wp\/v2\/types\/post"}],"author":[{"embeddable":true,"href":"https:\/\/linitiative.ca\/International\/wp-json\/wp\/v2\/users\/1965"}],"replies":[{"embeddable":true,"href":"https:\/\/linitiative.ca\/International\/wp-json\/wp\/v2\/comments?post=123724"}],"version-history":[{"count":0,"href":"https:\/\/linitiative.ca\/International\/wp-json\/wp\/v2\/posts\/123724\/revisions"}],"wp:attachment":[{"href":"https:\/\/linitiative.ca\/International\/wp-json\/wp\/v2\/media?parent=123724"}],"wp:term":[{"taxonomy":"category","embeddable":true,"href":"https:\/\/linitiative.ca\/International\/wp-json\/wp\/v2\/categories?post=123724"},{"taxonomy":"post_tag","embeddable":true,"href":"https:\/\/linitiative.ca\/International\/wp-json\/wp\/v2\/tags?post=123724"}],"curies":[{"name":"wp","href":"https:\/\/api.w.org\/{rel}","templated":true}]}}