{"id":123728,"date":"2021-08-09T13:00:00","date_gmt":"2021-08-09T17:00:00","guid":{"rendered":"https:\/\/linitiative.ca\/International\/usa-laccreditation-du-personnel-de-lambassade-du-cameroun-nexcedera-plus-5-ans\/"},"modified":"2021-08-09T13:00:00","modified_gmt":"2021-08-09T17:00:00","slug":"usa-laccreditation-du-personnel-de-lambassade-du-cameroun-nexcedera-plus-5-ans","status":"publish","type":"post","link":"https:\/\/linitiative.ca\/International\/usa-laccreditation-du-personnel-de-lambassade-du-cameroun-nexcedera-plus-5-ans\/","title":{"rendered":"USA : l\u2019accr\u00e9ditation du personnel de l\u2019ambassade du Cameroun n\u2019exc\u00e9dera plus 5 ans"},"content":{"rendered":"<div>\n<p><img loading=\"lazy\" decoding=\"async\" width=\"961\" height=\"1300\" src=\"https:\/\/linitiative.ca\/International\/wp-content\/uploads\/sites\/23\/2021\/08\/38340532-etats-unis-et-cameroun-drapeaux-miniatures-isolC3A9-sur-fond-blanc-.jpg\" class=\"attachment-post-thumbnail size-post-thumbnail wp-post-image\" alt=\"\" srcset=\"https:\/\/linitiative.ca\/International\/wp-content\/uploads\/sites\/23\/2021\/08\/38340532-etats-unis-et-cameroun-drapeaux-miniatures-isolC3A9-sur-fond-blanc-.jpg 961w, https:\/\/www.journalducameroun.com\/wp-content\/uploads\/2020\/10\/38340532-etats-unis-et-cameroun-drapeaux-miniatures-isol\u00e9-sur-fond-blanc--222x300.jpg 222w, https:\/\/www.journalducameroun.com\/wp-content\/uploads\/2020\/10\/38340532-etats-unis-et-cameroun-drapeaux-miniatures-isol\u00e9-sur-fond-blanc--768x1039.jpg 768w, https:\/\/www.journalducameroun.com\/wp-content\/uploads\/2020\/10\/38340532-etats-unis-et-cameroun-drapeaux-miniatures-isol\u00e9-sur-fond-blanc--757x1024.jpg 757w, https:\/\/www.journalducameroun.com\/wp-content\/uploads\/2020\/10\/38340532-etats-unis-et-cameroun-drapeaux-miniatures-isol\u00e9-sur-fond-blanc--325x440.jpg 325w, https:\/\/www.journalducameroun.com\/wp-content\/uploads\/2020\/10\/38340532-etats-unis-et-cameroun-drapeaux-miniatures-isol\u00e9-sur-fond-blanc--600x812.jpg 600w\" sizes=\"auto, (max-width: 961px) 100vw, 961px\"><\/p>\n<h5 style=\"text-align: justify;\">Les Etats Unis ont \u00e9dict\u00e9 le 2 ao\u00fbt 2021 une nouvelle politique d\u2019accr\u00e9ditation des diplomates \u00e9trangers applicable \u00e0 tous les pays qui ont une repr\u00e9sentation dans le territoire am\u00e9ricain. Ainsi, \u00a0est d\u00e9sormais limit\u00e9e \u00e0 une dur\u00e9e maximale de 60 mois (cinq ans) \u00e0 compter de la date \u00e0 laquelle les fonctions bilat\u00e9rales sont prises en charge aux USA, la dur\u00e9e de l&rsquo;accr\u00e9ditation des personnes affect\u00e9es \u00e0 une mission \u00e9trang\u00e8re bilat\u00e9rale en tant qu\u2019agent diplomatique, personnel administratif et technique, fonctionnaire consulaire, employ\u00e9 consulaire, personnel de service ou membre du personnel. Le gouvernement du Cameroun devrait donc affecter de nouveaux agents chaque fois que l\u2019un d\u2019eux a atteint la dur\u00e9e maximale de cinq ans.<\/h5>\n<p style=\"text-align: justify;\">\n<p style=\"text-align: justify;\"><strong>Ci-dessous le<\/strong><strong> document publi\u00e9 par le minist\u00e8re en charge des relations internationales des USA (traduction par Google fran\u00e7ais).<\/strong><\/p>\n<p style=\"text-align: center;\"><em>\u00ab\u00a0Le Secr\u00e9taire d&rsquo;\u00c9tat pr\u00e9sente ses compliments \u00e0 leurs Excellences et MM. postes consulaires et divers bureaux de gouvernements \u00e9trangers aux \u00c9tats-Unis.<\/em><\/p>\n<p style=\"text-align: center;\"><em>Le D\u00e9partement a depuis longtemps accept\u00e9 l&rsquo;accr\u00e9ditation des membres des missions \u00e9trang\u00e8res bilat\u00e9rales, en supposant que ces personnes soient affect\u00e9es dans un \u00c9tat d&rsquo;accueil pour une dur\u00e9e raisonnable et altern\u00e9es r\u00e9guli\u00e8rement ; et aucun n&rsquo;est affich\u00e9 ind\u00e9finiment ou pour des p\u00e9riodes prolong\u00e9es.<\/em><\/p>\n<p style=\"text-align: center;\"><em>Le Minist\u00e8re a examin\u00e9 et effectu\u00e9 une analyse d\u00e9taill\u00e9e de cette pratique, qui comprenait l&rsquo;examen des politiques connexes des gouvernements \u00e9trangers. Par cons\u00e9quent, le Minist\u00e8re juge n\u00e9cessaire de clarifier davantage sa politique d&rsquo;accr\u00e9ditation concernant ce qui constitue g\u00e9n\u00e9ralement une dur\u00e9e de tourn\u00e9e acceptable\/raisonnable de certains membres de missions \u00e9trang\u00e8res accr\u00e9dit\u00e9s bilat\u00e9ralement aux \u00c9tats-Unis.<\/em><\/p>\n<p style=\"text-align: center;\"><em>Dur\u00e9e maximale de l&rsquo;accr\u00e9ditation en vigueur imm\u00e9diatement, avec les exceptions indiqu\u00e9es ci-dessous, la dur\u00e9e de l&rsquo;acceptation de l&rsquo;accr\u00e9ditation des personnes affect\u00e9es \u00e0 une mission \u00e9trang\u00e8re bilat\u00e9rale en tant qu&rsquo;agent diplomatique, personnel administratif et technique, fonctionnaire consulaire, employ\u00e9 consulaire, personnel de service ou membre du personnel, doit \u00eatre limit\u00e9e \u00e0 une dur\u00e9e maximale de 60 mois (cinq ans) \u00e0 compter de la date \u00e0 laquelle les obligations bilat\u00e9rales sont prises en charge aux \u00c9tats-Unis, tel qu&rsquo;accept\u00e9 par l&rsquo;Office of Foreign Missions (OFM) du minist\u00e8re.<\/em><\/p>\n<p style=\"text-align: center;\"><em>De plus, les individus ne seront pas \u00e9ligibles \u00e0 l&rsquo;accr\u00e9ditation dans une mission \u00e9trang\u00e8re bilat\u00e9rale s&rsquo;ils ont d\u00e9j\u00e0 \u00e9t\u00e9 affect\u00e9s \u00e0 une mission \u00e9trang\u00e8re (qui comprend des organisations internationales) aux \u00c9tats-Unis au cours des 36 mois pr\u00e9c\u00e9dant la demande de visa diplomatique de l&rsquo;individu. Il devrait g\u00e9n\u00e9ralement y avoir une pause de trois ans en dehors des \u00c9tats-Unis entre ces affectations.<\/em><\/p>\n<p style=\"text-align: center;\"><em>Cette politique ne s&rsquo;applique pas aux chefs de mission, aux chefs de mission adjoints, ni aux missions pour lesquelles le D\u00e9partement a d\u00e9j\u00e0 \u00e9tabli des exigences sp\u00e9cifiques concernant la dur\u00e9e maximale d&rsquo;acceptation de l&rsquo;accr\u00e9ditation bilat\u00e9rale de leur personnel aux \u00c9tats-Unis.<\/em><\/p>\n<p style=\"text-align: center;\"><em>En outre, cette politique ne s&rsquo;applique pas non plus aux personnes ayant le statut de non-immigrant A-2, accept\u00e9es par le D\u00e9partement comme \u00e9tant \u00ab\u00a0r\u00e9sidents permanents\u00a0\u00bb aux \u00c9tats-Unis aux fins de la Convention de Vienne sur les relations diplomatiques et de la Convention de Vienne sur les relations consulaires. Ces personnes sont commun\u00e9ment appel\u00e9es \u00ab\u00a0personnel recrut\u00e9 sur place titulaire de visas A-2\u00a0\u00bb. Application aux membres de mission actuellement accr\u00e9dit\u00e9s actuellement accr\u00e9dit\u00e9s depuis plus de quatre ans les personnes actuellement accr\u00e9dit\u00e9es bilat\u00e9ralement aux \u00c9tats-Unis, \u00e0 l&rsquo;exception des exceptions indiqu\u00e9es, qui ont \u00e9t\u00e9 affect\u00e9es aux \u00c9tats-Unis au cours des 48 derniers mois cons\u00e9cutifs (quatre ans), seront \u00eatre autoris\u00e9s \u00e0 conserver leur statut actuel pendant 24 mois suppl\u00e9mentaires (deux ans).<\/em><\/p>\n<p style=\"text-align: center;\"><em>Les missions avec de tels membres recevront s\u00e9par\u00e9ment une note diplomatique fournissant des informations d\u00e9taill\u00e9es concernant cette action.<\/em><\/p>\n<p style=\"text-align: center;\"><em>Actuellement accr\u00e9dit\u00e9 depuis moins de quatre ans mais plus de trois ans. Personnes actuellement accr\u00e9dit\u00e9es bilat\u00e9ralement aux \u00c9tats-Unis, \u00e0 l&rsquo;exception des exceptions indiqu\u00e9es, qui ont \u00e9t\u00e9 affect\u00e9es aux \u00c9tats-Unis depuis moins de 48 mois cons\u00e9cutifs (4 ans) mais plus de 36 mois cons\u00e9cutifs (3 ans), devront terminer leur mission au plus tard 72 mois (6 ans) \u00e0 compter de la date d&rsquo;accr\u00e9ditation de l&rsquo;individu.<\/em><\/p>\n<p style=\"text-align: center;\"><em>Les missions avec de tels membres recevront s\u00e9par\u00e9ment une note diplomatique fournissant des informations d\u00e9taill\u00e9es concernant cette action. Actuellement accr\u00e9dit\u00e9 depuis moins de trois ans Les personnes actuellement accr\u00e9dit\u00e9es bilat\u00e9ralement aux \u00c9tats-Unis, \u00e0 l&rsquo;exception des exceptions indiqu\u00e9es, qui ont \u00e9t\u00e9 affect\u00e9es aux \u00c9tats-Unis depuis moins de 36 mois cons\u00e9cutifs (3 ans) devront terminer leur affectation au plus tard 60 mois (5 ans) \u00e0 compter de la date d&rsquo;accr\u00e9ditation de la personne.<\/em><\/p>\n<p style=\"text-align: center;\"><em>Les missions avec de tels membres recevront s\u00e9par\u00e9ment une note diplomatique fournissant des informations d\u00e9taill\u00e9es concernant cette action. Demandes de prolongation Les missions cherchant \u00e0 obtenir une autorisation pour une d\u00e9rogation \u00e0 ces d\u00e9lais doivent soumettre ces demandes \u00e0 l&rsquo;OFM par note diplomatique six \u00e0 douze mois avant la date \u00e0 laquelle la personne perdra son \u00e9ligibilit\u00e9 standard pour l&rsquo;acceptation de l&rsquo;accr\u00e9ditation ou la date \u00e0 laquelle elle envisage de demander un nouveau visa.\u00a0\u00bb<\/em><\/p>\n<p>\u00a0<\/p>\n<p>Cet article <a rel=\"nofollow\" href=\"https:\/\/www.journalducameroun.com\/usa-laccreditation-du-personnel-de-lambassade-du-cameroun-nexcedera-plus-5-ans-cameroun\/\">USA : l\u2019accr\u00e9ditation du personnel de l\u2019ambassade du Cameroun n\u2019exc\u00e9dera plus 5 ans<\/a> est apparu en premier sur <a rel=\"nofollow\" href=\"https:\/\/www.journalducameroun.com\/\">Journal du Cameroun<\/a>.<\/p>\n<\/div>\n<p>Auteur: Christian DJIMADEU<br \/>\n<a href=\"https:\/\/www.journalducameroun.com\/usa-laccreditation-du-personnel-de-lambassade-du-cameroun-nexcedera-plus-5-ans-cameroun\/\">Cliquez ici pour lire l&rsquo;article depuis sa source.<\/a><\/p>\n","protected":false},"excerpt":{"rendered":"<p>Les Etats Unis ont \u00e9dict\u00e9 le 2 ao\u00fbt 2021 une nouvelle politique d\u2019accr\u00e9ditation des diplomates \u00e9trangers applicable \u00e0 tous les pays qui ont une repr\u00e9sentation dans le territoire am\u00e9ricain. Ainsi, \u00a0est d\u00e9sormais limit\u00e9e \u00e0 une dur\u00e9e maximale de 60 mois (cinq ans) \u00e0 compter de la date \u00e0 laquelle les fonctions bilat\u00e9rales sont prises en [&hellip;]<\/p>\n","protected":false},"author":1965,"featured_media":0,"comment_status":"closed","ping_status":"closed","sticky":false,"template":"","format":"standard","meta":{"fifu_image_url":"https:\/\/www.journalducameroun.com\/wp-content\/uploads\/2020\/10\/38340532-etats-unis-et-cameroun-drapeaux-miniatures-isol\u00e9-sur-fond-blanc-.jpg","fifu_image_alt":"USA : l\u2019accr\u00e9ditation du personnel de l\u2019ambassade du Cameroun n\u2019exc\u00e9dera plus 5 ans","footnotes":""},"categories":[73,82],"tags":[],"class_list":["post-123728","post","type-post","status-publish","format-standard","hentry","category-actualite","category-cameroun"],"_links":{"self":[{"href":"https:\/\/linitiative.ca\/International\/wp-json\/wp\/v2\/posts\/123728","targetHints":{"allow":["GET"]}}],"collection":[{"href":"https:\/\/linitiative.ca\/International\/wp-json\/wp\/v2\/posts"}],"about":[{"href":"https:\/\/linitiative.ca\/International\/wp-json\/wp\/v2\/types\/post"}],"author":[{"embeddable":true,"href":"https:\/\/linitiative.ca\/International\/wp-json\/wp\/v2\/users\/1965"}],"replies":[{"embeddable":true,"href":"https:\/\/linitiative.ca\/International\/wp-json\/wp\/v2\/comments?post=123728"}],"version-history":[{"count":0,"href":"https:\/\/linitiative.ca\/International\/wp-json\/wp\/v2\/posts\/123728\/revisions"}],"wp:attachment":[{"href":"https:\/\/linitiative.ca\/International\/wp-json\/wp\/v2\/media?parent=123728"}],"wp:term":[{"taxonomy":"category","embeddable":true,"href":"https:\/\/linitiative.ca\/International\/wp-json\/wp\/v2\/categories?post=123728"},{"taxonomy":"post_tag","embeddable":true,"href":"https:\/\/linitiative.ca\/International\/wp-json\/wp\/v2\/tags?post=123728"}],"curies":[{"name":"wp","href":"https:\/\/api.w.org\/{rel}","templated":true}]}}