{"id":123730,"date":"2021-08-09T13:18:02","date_gmt":"2021-08-09T17:18:02","guid":{"rendered":"https:\/\/linitiative.ca\/International\/ouverture-officielle-du-27e-congres-de-lupu-a-abidjan\/"},"modified":"2021-08-09T13:18:02","modified_gmt":"2021-08-09T17:18:02","slug":"ouverture-officielle-du-27e-congres-de-lupu-a-abidjan","status":"publish","type":"post","link":"https:\/\/linitiative.ca\/International\/ouverture-officielle-du-27e-congres-de-lupu-a-abidjan\/","title":{"rendered":"Ouverture officielle du 27e Congr\u00e8s de l\u2019UPU \u00e0 Abidjan"},"content":{"rendered":"<div>\n<p><img loading=\"lazy\" decoding=\"async\" width=\"400\" height=\"266\" src=\"https:\/\/linitiative.ca\/International\/wp-content\/uploads\/sites\/23\/2021\/08\/16285294828557.jpg\" class=\"attachment-post-thumbnail size-post-thumbnail wp-post-image\" alt=\"\" srcset=\"https:\/\/linitiative.ca\/International\/wp-content\/uploads\/sites\/23\/2021\/08\/16285294828557.jpg 400w, https:\/\/www.journalducameroun.com\/wp-content\/uploads\/2021\/08\/16285294828557-300x200.jpg 300w\" sizes=\"auto, (max-width: 400px) 100vw, 400px\"><\/p>\n<p>Le Premier ministre ivoirien, Patrick Achi, a proc\u00e9d\u00e9 lundi \u00e0 l&rsquo;ouverture des travaux du 27e Congr\u00e8s de l&rsquo;Union postale universelle (UPU), qui devrait consacrer \u00ab\u00a0la Strat\u00e9gie d&rsquo;Abidjan\u00a0\u00bb et le renouvellement des instances dirigeantes de l&rsquo;organisation.<\/p>\n<p>Cette \u00ab\u00a0Strat\u00e9gie d&rsquo;Abidjan\u00a0\u00bb doit tirer les le\u00e7ons de la crise sanitaire de Covid-19 qui a impact\u00e9 le secteur postal et plomb\u00e9 les \u00e9conomies \u00e0 travers le monde, a dit M. Patrick Achi, relevant que cela exige \u00ab\u00a0un r\u00e9ajustement\u00a0\u00bb des services aux citoyens, aux administrations et aux entreprises.<\/p>\n<p>Le secteur postal ne saurait se concevoir \u00e0 l&rsquo;\u00e8re du num\u00e9rique sans une digitalisation des services, a-t-il ajout\u00e9, soutenant que le digital sera le moyen de r\u00e9duire la fracture postale et de garantir la p\u00e9rennit\u00e9 du secteur dans un monde o\u00f9 le digital est devenu le mode de vie permanent.<\/p>\n<p>Le directeur g\u00e9n\u00e9ral du Bureau international de l&rsquo;UPU, Bishar Hussein Abdirahman, qui ach\u00e8ve son second mandat \u00e0 la t\u00eate de l&rsquo;organisation, s&rsquo;est f\u00e9licit\u00e9 de ce que des changements notables ont lieu dans les services postaux via le digital dans l&rsquo;ensemble des pays membres.<\/p>\n<p>Selon le pr\u00e9sident du 27e Congr\u00e8s de l&rsquo;UPU, l&rsquo;Ivoirien Coty Diakit\u00e9, cette session qui se d\u00e9roulera sur trois semaines, verra le renouvellement des \u00e9quipes dirigeantes de l&rsquo;Union, la r\u00e9forme applicable aux pays membres et l&rsquo;int\u00e9gration de nouveaux produits.\u00a0<\/p>\n<p>M. Coty Diakit\u00e9 a exhort\u00e9 les membres \u00e0 privil\u00e9gier le consensus afin que les r\u00e9solutions soient faciles \u00e0 adopter. Cette session se tient dans un contexte marqu\u00e9 par la pand\u00e9mie de Covid-19, qui a conduit \u00e0 la tenue du congr\u00e8s dans un format hybride, en pr\u00e9sidentiel et par visioconf\u00e9rence.<\/p>\n<p>L&rsquo;Union postale universelle, bas\u00e9e \u00e0 Berne, en Suisse, a \u00e9t\u00e9 cr\u00e9\u00e9e en 1874. Elle a tenu sa premi\u00e8re session en Afrique en 1934 en \u00c9gypte. La C\u00f4te d&rsquo;Ivoire est le deuxi\u00e8me pays \u00e0 abriter ce congr\u00e8s sur le continent. La strat\u00e9gie d&rsquo;Abidjan va gouverner l&rsquo;Union postale universelle durant les quatre prochaines ann\u00e9es.\u00a0<\/p>\n<p>Cet article <a rel=\"nofollow\" href=\"https:\/\/www.journalducameroun.com\/ouverture-officielle-du-27e-congres-de-lupu-a-abidjan\/\">Ouverture officielle du 27e Congr\u00e8s de l\u2019UPU \u00e0 Abidjan<\/a> est apparu en premier sur <a rel=\"nofollow\" href=\"https:\/\/www.journalducameroun.com\/\">Journal du Cameroun<\/a>.<\/p>\n<\/div>\n<p>Auteur: APA News<br \/>\n<a href=\"https:\/\/www.journalducameroun.com\/ouverture-officielle-du-27e-congres-de-lupu-a-abidjan\/\">Cliquez ici pour lire l&rsquo;article depuis sa source.<\/a><\/p>\n","protected":false},"excerpt":{"rendered":"<p>Le Premier ministre ivoirien, Patrick Achi, a proc\u00e9d\u00e9 lundi \u00e0 l&rsquo;ouverture des travaux du 27e Congr\u00e8s de l&rsquo;Union postale universelle (UPU), qui devrait consacrer \u00ab\u00a0la Strat\u00e9gie d&rsquo;Abidjan\u00a0\u00bb et le renouvellement des instances dirigeantes de l&rsquo;organisation. Cette \u00ab\u00a0Strat\u00e9gie d&rsquo;Abidjan\u00a0\u00bb doit tirer les le\u00e7ons de la crise sanitaire de Covid-19 qui a impact\u00e9 le secteur postal et [&hellip;]<\/p>\n","protected":false},"author":1965,"featured_media":0,"comment_status":"closed","ping_status":"closed","sticky":false,"template":"","format":"standard","meta":{"fifu_image_url":"https:\/\/www.journalducameroun.com\/wp-content\/uploads\/2021\/08\/16285294828557.jpg","fifu_image_alt":"Ouverture officielle du 27e Congr\u00e8s de l\u2019UPU \u00e0 Abidjan","footnotes":""},"categories":[73,82],"tags":[],"class_list":["post-123730","post","type-post","status-publish","format-standard","hentry","category-actualite","category-cameroun"],"_links":{"self":[{"href":"https:\/\/linitiative.ca\/International\/wp-json\/wp\/v2\/posts\/123730","targetHints":{"allow":["GET"]}}],"collection":[{"href":"https:\/\/linitiative.ca\/International\/wp-json\/wp\/v2\/posts"}],"about":[{"href":"https:\/\/linitiative.ca\/International\/wp-json\/wp\/v2\/types\/post"}],"author":[{"embeddable":true,"href":"https:\/\/linitiative.ca\/International\/wp-json\/wp\/v2\/users\/1965"}],"replies":[{"embeddable":true,"href":"https:\/\/linitiative.ca\/International\/wp-json\/wp\/v2\/comments?post=123730"}],"version-history":[{"count":0,"href":"https:\/\/linitiative.ca\/International\/wp-json\/wp\/v2\/posts\/123730\/revisions"}],"wp:attachment":[{"href":"https:\/\/linitiative.ca\/International\/wp-json\/wp\/v2\/media?parent=123730"}],"wp:term":[{"taxonomy":"category","embeddable":true,"href":"https:\/\/linitiative.ca\/International\/wp-json\/wp\/v2\/categories?post=123730"},{"taxonomy":"post_tag","embeddable":true,"href":"https:\/\/linitiative.ca\/International\/wp-json\/wp\/v2\/tags?post=123730"}],"curies":[{"name":"wp","href":"https:\/\/api.w.org\/{rel}","templated":true}]}}