{"id":123732,"date":"2021-08-09T14:18:01","date_gmt":"2021-08-09T18:18:01","guid":{"rendered":"https:\/\/linitiative.ca\/International\/gbagbo-decide-de-creer-un-nouvel-instrument-de-lutte-politique\/"},"modified":"2021-08-09T14:18:01","modified_gmt":"2021-08-09T18:18:01","slug":"gbagbo-decide-de-creer-un-nouvel-instrument-de-lutte-politique","status":"publish","type":"post","link":"https:\/\/linitiative.ca\/International\/gbagbo-decide-de-creer-un-nouvel-instrument-de-lutte-politique\/","title":{"rendered":"Gbagbo d\u00e9cide de cr\u00e9er \u00ab\u00a0un nouvel instrument de lutte\u00a0\u00bb politique"},"content":{"rendered":"<div>\n<p><img loading=\"lazy\" decoding=\"async\" width=\"720\" height=\"480\" src=\"https:\/\/linitiative.ca\/International\/wp-content\/uploads\/sites\/23\/2021\/08\/16285330821802.jpg\" class=\"attachment-post-thumbnail size-post-thumbnail wp-post-image\" alt=\"\" srcset=\"https:\/\/linitiative.ca\/International\/wp-content\/uploads\/sites\/23\/2021\/08\/16285330821802.jpg 720w, https:\/\/www.journalducameroun.com\/wp-content\/uploads\/2021\/08\/16285330821802-300x200.jpg 300w, https:\/\/www.journalducameroun.com\/wp-content\/uploads\/2021\/08\/16285330821802-660x440.jpg 660w, https:\/\/www.journalducameroun.com\/wp-content\/uploads\/2021\/08\/16285330821802-600x400.jpg 600w\" sizes=\"auto, (max-width: 720px) 100vw, 720px\"><\/p>\n<p>L&rsquo;ex-pr\u00e9sident Laurent Gbagbo et des membres de son parti, le Front populaire ivoirien (FPI, opposition), ont d\u00e9cid\u00e9 lundi de cr\u00e9er \u00ab\u00a0un nouvel instrument de lutte\u00a0\u00bb politique, au palais de la culture de Treichville.<\/p>\n<p>M. Gbagbo avait \u00e0 ses c\u00f4t\u00e9s des membres du FPI dont Simone Ehivet. Ils ont d\u00e9battu de l&rsquo;avenir de la formation politique, cr\u00e9\u00e9e il y a des d\u00e9cennies, lors d&rsquo;un Comit\u00e9 central extraordinaire au palais de la culture \u00e0 Treichville, dans le Sud d&rsquo;Abidjan.<\/p>\n<p>Dans un communiqu\u00e9 final, le Comit\u00e9 central a annonc\u00e9 \u00ab\u00a0la cr\u00e9ation d&rsquo;un nouvel instrument de lutte\u00a0\u00bb politique et \u00ab\u00a0la mise en place d&rsquo;un comit\u00e9 de pr\u00e9paration du Congr\u00e8s Constitutif\u00a0\u00bb.<\/p>\n<p>Interrog\u00e9 en marge de la r\u00e9union du Comit\u00e9 central, Baudelaire Madou, secr\u00e9taire national charg\u00e9 de la mobilisation des structures du FPI, dit que M. Gbagbo \u00ab\u00a0en tant qu&rsquo; un visionnaire, a propos\u00e9 de cr\u00e9er un nouvel instrument de combat\u00a0\u00bb.<\/p>\n<p>\u00ab\u00a0Je pense que \u00e7a vient \u00e0 point nomm\u00e9 parce que je pense que notre ancien camarade Affi Nguessan s&rsquo;agrippe sur le Front populaire ivoirien pour nous cr\u00e9er tous les probl\u00e8mes, or nous avons pour ambition de conqu\u00e9rir le pouvoir\u00a0\u00bb, a-t-il ajout\u00e9.<\/p>\n<p>Le Comit\u00e9 Central exhorte les militants et sympathisants du parti et de M. Gbagbo \u00ab\u00a0\u00e0 s&rsquo;inspirer de ce d\u00e9passement afin d&rsquo;\u0153uvrer \u00e0 l&rsquo;\u00e9dification, dans la paix, d&rsquo;une C\u00f4te d&rsquo;Ivoire stable et prosp\u00e8re\u00a0\u00bb.<\/p>\n<p>Cette r\u00e9union du Comit\u00e9 central intervient suite \u00e0 une convocation du secr\u00e9tariat g\u00e9n\u00e9ral, le Comit\u00e9 Central du Front Populaire Ivoirien (FPI), notamment en sa deuxi\u00e8me session extraordinaire de l&rsquo;ann\u00e9e 2021.<\/p>\n<p>Le FPI conna\u00eet une dissension avec une frange dirig\u00e9e par l&rsquo;ancien Premier ministre Pascal Affi Nguessan en tant que pr\u00e9sident statutaire et une autre conduite par Assoa Adou qui consid\u00e8re M. Gbagbo comme le pr\u00e9sident du parti.<\/p>\n<p>M. Affi a produit un communiqu\u00e9 \u00e0 la suite de la convocation de ce Comit\u00e9 central pour insinuer qu&rsquo;il est le pr\u00e9sident du FPI et que sa frange, seule, avait le droit de permettre une session du Comit\u00e9 central.<\/p>\n<p>L&rsquo;ancien pr\u00e9sident ivoirien Laurent Gbagbo est le p\u00e8re du Front populaire ivoirien qu&rsquo;il a cr\u00e9\u00e9 avec des camarades de lutte politique. Son retrait de ce parti vise \u00e0 isoler M. Affi, soulignent plusieurs observateurs.<\/p>\n<p>Cet article <a rel=\"nofollow\" href=\"https:\/\/www.journalducameroun.com\/gbagbo-decide-de-creer-un-nouvel-instrument-de-lutte-politique\/\">Gbagbo d\u00e9cide de cr\u00e9er \u00ab\u00a0un nouvel instrument de lutte\u00a0\u00bb politique<\/a> est apparu en premier sur <a rel=\"nofollow\" href=\"https:\/\/www.journalducameroun.com\/\">Journal du Cameroun<\/a>.<\/p>\n<\/div>\n<p>Auteur: APA News<br \/>\n<a href=\"https:\/\/www.journalducameroun.com\/gbagbo-decide-de-creer-un-nouvel-instrument-de-lutte-politique\/\">Cliquez ici pour lire l&rsquo;article depuis sa source.<\/a><\/p>\n","protected":false},"excerpt":{"rendered":"<p>L&rsquo;ex-pr\u00e9sident Laurent Gbagbo et des membres de son parti, le Front populaire ivoirien (FPI, opposition), ont d\u00e9cid\u00e9 lundi de cr\u00e9er \u00ab\u00a0un nouvel instrument de lutte\u00a0\u00bb politique, au palais de la culture de Treichville. M. Gbagbo avait \u00e0 ses c\u00f4t\u00e9s des membres du FPI dont Simone Ehivet. Ils ont d\u00e9battu de l&rsquo;avenir de la formation politique, [&hellip;]<\/p>\n","protected":false},"author":1965,"featured_media":0,"comment_status":"closed","ping_status":"closed","sticky":false,"template":"","format":"standard","meta":{"fifu_image_url":"https:\/\/www.journalducameroun.com\/wp-content\/uploads\/2021\/08\/16285330821802.jpg","fifu_image_alt":"Gbagbo d\u00e9cide de cr\u00e9er \u00ab\u00a0un nouvel instrument de lutte\u00a0\u00bb politique","footnotes":""},"categories":[73,82],"tags":[],"class_list":["post-123732","post","type-post","status-publish","format-standard","hentry","category-actualite","category-cameroun"],"_links":{"self":[{"href":"https:\/\/linitiative.ca\/International\/wp-json\/wp\/v2\/posts\/123732","targetHints":{"allow":["GET"]}}],"collection":[{"href":"https:\/\/linitiative.ca\/International\/wp-json\/wp\/v2\/posts"}],"about":[{"href":"https:\/\/linitiative.ca\/International\/wp-json\/wp\/v2\/types\/post"}],"author":[{"embeddable":true,"href":"https:\/\/linitiative.ca\/International\/wp-json\/wp\/v2\/users\/1965"}],"replies":[{"embeddable":true,"href":"https:\/\/linitiative.ca\/International\/wp-json\/wp\/v2\/comments?post=123732"}],"version-history":[{"count":0,"href":"https:\/\/linitiative.ca\/International\/wp-json\/wp\/v2\/posts\/123732\/revisions"}],"wp:attachment":[{"href":"https:\/\/linitiative.ca\/International\/wp-json\/wp\/v2\/media?parent=123732"}],"wp:term":[{"taxonomy":"category","embeddable":true,"href":"https:\/\/linitiative.ca\/International\/wp-json\/wp\/v2\/categories?post=123732"},{"taxonomy":"post_tag","embeddable":true,"href":"https:\/\/linitiative.ca\/International\/wp-json\/wp\/v2\/tags?post=123732"}],"curies":[{"name":"wp","href":"https:\/\/api.w.org\/{rel}","templated":true}]}}