{"id":123737,"date":"2021-08-09T13:49:58","date_gmt":"2021-08-09T17:49:58","guid":{"rendered":"https:\/\/linitiative.ca\/International\/renforcement-des-capacites-les-fonctionnaires-a-lecole-de-la-mise-en-oeuvre-de-la-snd30\/"},"modified":"2021-08-09T13:49:58","modified_gmt":"2021-08-09T17:49:58","slug":"renforcement-des-capacites-les-fonctionnaires-a-lecole-de-la-mise-en-oeuvre-de-la-snd30","status":"publish","type":"post","link":"https:\/\/linitiative.ca\/International\/renforcement-des-capacites-les-fonctionnaires-a-lecole-de-la-mise-en-oeuvre-de-la-snd30\/","title":{"rendered":"Renforcement des capacit\u00e9s : les fonctionnaires \u00e0 l\u2019\u00e9cole de la mise en \u0153uvre de la SND30"},"content":{"rendered":"<div>\n<p>Du 26 au 29 juillet 2021, vingt fonctionnaires de l\u2019administration publique camerounaise ont \u00e9t\u00e9 \u00e0 l\u2019\u00e9cole de la bo\u00eete \u00e0 outils int\u00e9gr\u00e9e de planification et d\u2019\u00e9tablissement de rapports (Iprt). Logiciel d\u00e9velopp\u00e9 par la Commission \u00e9conomique des Nations unies pour l\u2019Afrique (CEA), dans l\u2019optique d\u2019aider le pays \u00e0 mieux mettre en \u0153uvre sa Strat\u00e9gie nationale de d\u00e9veloppement \u00e0 l\u2019horizon 2030 (SND2030).<\/p>\n<p><strong>Lire aussi<\/strong> : <strong><a href=\"https:\/\/ecomatin.net\/snd30-les-premiers-rendez-vous-manques\/\">SND30 : les premiers rendez-vous manqu\u00e9s<\/a><\/strong><\/p>\n<p>Cette formation peut \u00eatre alors comprise comme l\u2019un des multiples m\u00e9canismes mis en \u0153uvre par le gouvernement pour permettre d\u2019atteindre \u00e0 terme les objectifs fix\u00e9s par la boussole des politiques publiques sur la p\u00e9riode 2020-2030 (SND). L\u2019exemple le plus r\u00e9cent \u00e9tant la cr\u00e9ation au mois de mars 2021, par le Premier ministre du Comit\u00e9 de suivi et d\u2019\u00e9valuation de la SND30.Du c\u00f4t\u00e9 des b\u00e9n\u00e9ficiaires en ressort plut\u00f4t tr\u00e8s satisfait. \u00ab Nous, qui venons de b\u00e9n\u00e9ficier de cette formation, constituons un groupe de formateurs dont l\u2019objectif est de partager les informations sur l\u2019utilisation de l\u2019IPRT avec les membres de ce Comit\u00e9 et au-del\u00e0, en vue d\u2019un suivi plus facile et meilleur de la mise en \u0153uvre de la SND2030 de notre pays \u00bb, fait savoir Laurent Eone, de la Direction g\u00e9n\u00e9rale de la planification, au minist\u00e8re de l\u2019\u00e9conomie, de la planification et de l\u2019am\u00e9nagement du territoire (Minepat). Il sera suivi par madame Gha Eleanor Funkuin, Haut responsable au minist\u00e8re des postes et t\u00e9l\u00e9communications. \u00ab Je voudrais saluer le choix de la CEA port\u00e9 sur le Cameroun comme deuxi\u00e8me pays africain \u00e0 b\u00e9n\u00e9ficier du programme de formation sur le logiciel IPRT qui s\u2019est enti\u00e8rement d\u00e9roul\u00e9 en pr\u00e9sentiel cette ann\u00e9e. Cette application permettra \u00e0 mon minist\u00e8re \u00e0 repenser ses propres objectifs et cibles de d\u00e9veloppement tout en suivant et \u00e9valuant les progr\u00e8s r\u00e9alis\u00e9s dans le secteur des t\u00e9l\u00e9communications \u00bb, d\u00e9clare-t-elle.<\/p>\n<p><strong>Lire aussi<\/strong> : <strong><a href=\"https:\/\/ecomatin.net\/planification-ladministration-interne-du-minepat-a-lecole-de-la-snd30\/\">Planification : l\u2019administration interne du Minepat \u00e0 l\u2019\u00e9cole de la SND30<\/a><\/strong><\/p>\n<p>Du c\u00f4t\u00e9 de la CEA, on envisage que cet outil soit un compl\u00e9ment devant aider le Cameroun dans ses objectifs. \u00ab L\u2019avenir est plus important que le pass\u00e9, lorsqu\u2019il s\u2019agit de tracer des trajectoires de d\u00e9veloppement inclusif et durable, et l\u2019IRPT peut aider le Cameroun \u00e0 se b\u00e2tir un avenir gr\u00e2ce \u00e0 une planification int\u00e9gr\u00e9e du d\u00e9veloppement \u00bb, a d\u00e9clar\u00e9 M. Tadele Ferede Agaje qui a assur\u00e9 la formation pour le compte de la CEA.<\/p>\n<p>Il convient de rappeler que l\u2019IPRT, entendu comme la bo\u00eete \u00e0 outils int\u00e9gr\u00e9e de planification et d\u2019\u00e9tablissement de rapports, est un logiciel d\u00e9velopp\u00e9 par la CEA, pour r\u00e9pondre au besoin des pays africains d\u2019adopter et d\u2019int\u00e9grer \u00e0 la fois le Programme 2030 des Nations unies pour le d\u00e9veloppement durable et l\u2019Agenda 2063 de l\u2019Union africaine, dans leurs plans de d\u00e9veloppement nationaux et de rendre compte de leurs progr\u00e8s de mani\u00e8re harmonis\u00e9e.<\/p>\n<p><strong>Lire<\/strong> <strong>aussi<\/strong> : <strong><a href=\"https:\/\/ecomatin.net\/echanges-commerciaux-le-cameroun-veut-conquerir-le-nigeria\/\">Echanges commerciaux : le Cameroun veut conqu\u00e9rir le Nig\u00e9ria<\/a><\/strong><\/p>\n<p>L\u2019article <a rel=\"nofollow\" href=\"https:\/\/ecomatin.net\/renforcement-des-capacites-les-fonctionnaires-a-lecole-de-la-mise-en-oeuvre-de-la-snd30\/\">Renforcement des capacit\u00e9s : les fonctionnaires \u00e0 l\u2019\u00e9cole de la mise en \u0153uvre de la SND30<\/a> est apparu en premier sur <a rel=\"nofollow\" href=\"https:\/\/ecomatin.net\/\">EcoMatin<\/a>.<\/p>\n<\/div>\n<p>Auteur: Cindy MBALA<br \/>\n<a href=\"https:\/\/ecomatin.net\/renforcement-des-capacites-les-fonctionnaires-a-lecole-de-la-mise-en-oeuvre-de-la-snd30\/\">Cliquez ici pour lire l&rsquo;article depuis sa source.<\/a><\/p>\n","protected":false},"excerpt":{"rendered":"<p>Du 26 au 29 juillet 2021, vingt fonctionnaires de l\u2019administration publique camerounaise ont \u00e9t\u00e9 \u00e0 l\u2019\u00e9cole de la bo\u00eete \u00e0 outils int\u00e9gr\u00e9e de planification et d\u2019\u00e9tablissement de rapports (Iprt). Logiciel d\u00e9velopp\u00e9 par la Commission \u00e9conomique des Nations unies pour l\u2019Afrique (CEA), dans l\u2019optique d\u2019aider le pays \u00e0 mieux mettre en \u0153uvre sa Strat\u00e9gie nationale de [&hellip;]<\/p>\n","protected":false},"author":1969,"featured_media":0,"comment_status":"closed","ping_status":"closed","sticky":false,"template":"","format":"standard","meta":{"fifu_image_url":"","fifu_image_alt":"","footnotes":""},"categories":[82,78],"tags":[],"class_list":["post-123737","post","type-post","status-publish","format-standard","hentry","category-cameroun","category-economie"],"_links":{"self":[{"href":"https:\/\/linitiative.ca\/International\/wp-json\/wp\/v2\/posts\/123737","targetHints":{"allow":["GET"]}}],"collection":[{"href":"https:\/\/linitiative.ca\/International\/wp-json\/wp\/v2\/posts"}],"about":[{"href":"https:\/\/linitiative.ca\/International\/wp-json\/wp\/v2\/types\/post"}],"author":[{"embeddable":true,"href":"https:\/\/linitiative.ca\/International\/wp-json\/wp\/v2\/users\/1969"}],"replies":[{"embeddable":true,"href":"https:\/\/linitiative.ca\/International\/wp-json\/wp\/v2\/comments?post=123737"}],"version-history":[{"count":0,"href":"https:\/\/linitiative.ca\/International\/wp-json\/wp\/v2\/posts\/123737\/revisions"}],"wp:attachment":[{"href":"https:\/\/linitiative.ca\/International\/wp-json\/wp\/v2\/media?parent=123737"}],"wp:term":[{"taxonomy":"category","embeddable":true,"href":"https:\/\/linitiative.ca\/International\/wp-json\/wp\/v2\/categories?post=123737"},{"taxonomy":"post_tag","embeddable":true,"href":"https:\/\/linitiative.ca\/International\/wp-json\/wp\/v2\/tags?post=123737"}],"curies":[{"name":"wp","href":"https:\/\/api.w.org\/{rel}","templated":true}]}}