{"id":123738,"date":"2021-08-09T15:46:57","date_gmt":"2021-08-09T19:46:57","guid":{"rendered":"https:\/\/linitiative.ca\/International\/conjoncture-lavenir-socio-economique-preoccupe-les-ministres-de-leconomie-de-la-cemac\/"},"modified":"2021-08-09T15:46:57","modified_gmt":"2021-08-09T19:46:57","slug":"conjoncture-lavenir-socio-economique-preoccupe-les-ministres-de-leconomie-de-la-cemac","status":"publish","type":"post","link":"https:\/\/linitiative.ca\/International\/conjoncture-lavenir-socio-economique-preoccupe-les-ministres-de-leconomie-de-la-cemac\/","title":{"rendered":"Conjoncture : l\u2019avenir socio-\u00e9conomique pr\u00e9occupe les ministres de l\u2019Economie de la Cemac"},"content":{"rendered":"<div>\n<p>Les enjeux sont certainement \u00e0 la hauteur des attentes des 6 pays de l\u2019Afrique centrale. R\u00e9unis au sein de l\u2019Union Economique de l\u2019Afrique centrale (UEAC), le Cameroun, Centrafrique, le Congo, le Gabon, la Guin\u00e9e \u00c9quatoriale, et le Tchad envisagent marquer un tournant d\u00e9cisif dans la politique \u00e9conomique sous-r\u00e9gionale, compte tenu des nouveaux enjeux et multiples d\u00e9fis (politiques, financiers, mon\u00e9taires, s\u00e9curitaires, sanitaires etc\u2026). Les ministres des pays de l\u2019Union composant le Conseil, ainsi que les membres de la Commission de la Cemac (Communaut\u00e9 \u00e9conomique des \u00c9tats de l\u2019Afrique centrale) sont\u00a0 en conclave depuis ce lundi 10 ao\u00fbt 2021 \u00e0 Douala, la capitale \u00e9conomique camerounaise, dans le cadre de d\u2019une session extraordinaire de l\u2019UEAC, suivie de la tenue d\u2019une importante r\u00e9union d\u2019\u00e9valuation du Pref Cemac, le Programme des r\u00e9formes \u00e9conomiques et financi\u00e8res de l\u2019Afrique centrale. La 14\u00e8me au titre du Comit\u00e9 de pilotage de vaste programme communautaire.<\/p>\n<p><strong>Discipline budg\u00e9taire<\/strong><\/p>\n<p>Une importante s\u00e9ance de travail r\u00e9unissant ce lundi 9 ao\u00fbt 2021, \u00e0 huis clos, le coll\u00e8ge des commissaires, a pr\u00e9c\u00e9d\u00e9 la session extraordinaire tr\u00e8s attendue de ce 10 ao\u00fbt 2021 qui portera sur \u00abl\u2019examen du projet de rapport sur l\u2019\u00e9valuation de la situation macro-\u00e9conomique dans la Cemac en contexte de pand\u00e9mie du Covid-19 et analyse des mesures de redressement\u00bb, ainsi que sur \u00abl\u2019examen du projet d\u2019ordre du jour de la session extraordinaire de la Conf\u00e9rence des Chefs d\u2019Etat\u00bb. Le contexte \u00e9conomique et sanitaire, tout comme les mesures des r\u00e9formes \u00e9conomiques et financi\u00e8res en Zone Cemac feront par cons\u00e9quent l\u2019objet d\u2019un examen approfondi. Les discussions porteront par ailleurs sur la coop\u00e9ration mon\u00e9taire. Dossier d\u00e9licat entre les pays de la zone Cemac et la France. D\u2019apr\u00e8s des sources internes \u00e0 la Cemac, \u00abla r\u00e9forme de la coop\u00e9ration mon\u00e9taire avec la France est une partie int\u00e9grante de la strat\u00e9gie communautaire de sortie de crise d\u00e9cid\u00e9e par la Conf\u00e9rence des Chefs d\u2019Etat du 23 d\u00e9cembre 2016 en vue de la transformation structurelle des \u00e9conomies de la Cemac, sans ajustement mon\u00e9taire\u00bb.\u00a0<\/p>\n<p><strong>Lire<\/strong> <strong>aussi<\/strong> : <strong><a href=\"https:\/\/ecomatin.net\/ueac-la-relance-post-covid-en-etude\/\">Ueac : La relance post-covid en \u00e9tude<\/a><\/strong><\/p>\n<p>Les 6 pays d\u2019Afrique centrale voudrait, fort des soubresauts li\u00e9s au Covid-19, \u00e9viter \u00abla dominance budg\u00e9taire\u00bb marqu\u00e9e par une pression des \u00c9tats sur la banque centrale, notamment sur la mon\u00e9tisation de la dette publique. Les \u00c9tats plaident ainsi pour une ind\u00e9pendance de la banque d\u2019\u00e9mission, \u00abcl\u00e9 de la confiance dans la capacit\u00e9 de remplir le mandat de stabilit\u00e9 externe et interne de la monnaie\u00bb, pense-t-on \u00e0 la Cemac. Les travaux de Douala permettront in fine aux Etats d\u2019Afrique centrale d\u2019explorer les voies et moyens vers une r\u00e9forme de la coop\u00e9ration mon\u00e9taire avec la France. Il s\u2019agira de renforcer l\u2019ind\u00e9pendance de la banque centrale, promouvoir les m\u00e9canismes de discipline budg\u00e9taire de la Cemac, et consolider la r\u00e9silience de la zone Cemac aux chocs exog\u00e8nes engendr\u00e9s par les prix du p\u00e9trole.\u00a0La Cemac envisage impulser une nouvelle\u00a0strat\u00e9gie r\u00e9gionale en faveur d\u2019une sortie de crise des 6 \u00c9tats, le maintien des \u00e9conomies sous-r\u00e9gionales sur la voie du d\u00e9veloppement durable et inclusif, le\u00a0r\u00f4le des banques dans le financement de l\u2019\u00e9conomie sous-r\u00e9gionale en p\u00e9riode de covid-19, l\u2019harmonisation des conditions fiscales et douani\u00e8res, les r\u00e9serves de changes, l\u2019avenir du franc CFA, l\u2019acc\u00e9l\u00e9ration de la mise en oeuvre des projets int\u00e9grateurs, le parach\u00e8vement de la fusion des deux march\u00e9s financiers de la sous-r\u00e9gion, la revue des programmes \u00e9conomiques et financiers soutenus par le Fonds mon\u00e9taire international (Fmi),\u00a0 etc.<\/p>\n<p><strong>Secteur priv\u00e9<\/strong><\/p>\n<p>Quant \u00e0 la 14\u00e8me session du Comit\u00e9 de pilotage du Pref-Cemac, les ministres en charge de l\u2019\u00e9conomie, des finances et l\u2019int\u00e9gration sous-r\u00e9gionale, les responsables des institutions de la zone examineront l\u2019\u00e9tat d\u2019avancement et de mise en \u0153uvre des d\u00e9cisions et recommandations des pr\u00e9c\u00e9dentes sessions ordinaires et extraordinaires du Comit\u00e9 de pilotage du Pref-Cemac. La session de Douala organis\u00e9e sur invitation de Rigobert Roger Andely, le Ministre des finances, du budget et du portefeuille public du Congo, Pr\u00e9sident du Copil du Pref-Cemac, conna\u00eetra \u00e9galement une pr\u00e9sentation du rapport sur l\u2019\u00e9tat d\u2019avancement du Pref-Cemac, puis un point exhaustif sur l\u2019op\u00e9rationnalisation du march\u00e9 unifi\u00e9 de la sous-r\u00e9gion. Ces deux assises sont en pr\u00e9lude au sommet extraordinaire\u00a0\u00a0de la Conf\u00e9rence des Chefs d\u2019Etat de la Cemac en cours de pr\u00e9paration par les institutions sous-r\u00e9gionales sp\u00e9cialis\u00e9es.\u00a0<\/p>\n<p><strong>Lire aussi<\/strong> : <strong><a href=\"https:\/\/ecomatin.net\/les-etats-de-la-cemac-cumulent-100-milliards-de-f-darrieres-de-tci\/\">Les Etats de la Cemac cumulent 100 milliards de F d\u2019arri\u00e9r\u00e9s de TCI<\/a><\/strong><\/p>\n<p>Les\u00a0experts de la Cemac constatent une contraction d\u2019une ampleur in\u00e9dite de l\u2019\u00e9conomie de la zone Cemac de l\u2019ordre de -3,1%. Cons\u00e9quences de la pand\u00e9mie du Covid-19 et la chute des produits d\u2019exportation. Le p\u00e9trole principalement. Le Pref-Cemac se penchera sur l\u2019\u00e9pineux dossier sur les retards enregistr\u00e9s sur le versement de la taxe d\u2019int\u00e9gration,. Tout comme sur l\u2019implication du secteur priv\u00e9 dans les projets int\u00e9grateurs, le renforcement de l\u2019int\u00e9gration physique et commerciale, la diversification des \u00e9conomies, ou la r\u00e9duction de la pauvret\u00e9. \u00c9galement tr\u00e8s attendu, l\u2019examen minutieux de l\u2019\u00e9tat d\u2019avancement des 11 projets int\u00e9grateurs du Pref-Cemac apr\u00e8s la lev\u00e9e de 3,8 milliards d\u2019euros de fonds destin\u00e9s au financement de ces chantiers structurants communautaires.\u00a0<\/p>\n<p>D\u2019importantes r\u00e9solutions sont attendues de la session extraordinaire de l\u2019UEAC pr\u00e9sid\u00e9e par Alamine Ousmane Mey, le Ministre camerounais de l\u2019\u00e9conomie, de la planification et de l\u2019am\u00e9nagement du territoire (Minepat), et Pr\u00e9sident du Conseil des ministres de l\u2019UEAC.<\/p>\n<p><strong>Lire aussi<\/strong> : <strong><a href=\"https:\/\/ecomatin.net\/la-cemac-table-sur-un-budget-de-89-milliards-de-fcfa-en-2021\/\">La Cemac table sur un budget de 89 milliards de Fcfa en 2021<\/a><\/strong><\/p>\n<p>L\u2019article <a rel=\"nofollow\" href=\"https:\/\/ecomatin.net\/conjoncture-lavenirr-socio-economique-preoccupe-les-ministres-s-de-leconomie-de-la-cemac\/\">Conjoncture : l\u2019avenir socio-\u00e9conomique pr\u00e9occupe les ministres de l\u2019Economie de la Cemac<\/a> est apparu en premier sur <a rel=\"nofollow\" href=\"https:\/\/ecomatin.net\/\">EcoMatin<\/a>.<\/p>\n<\/div>\n<p>Auteur: Georges Semey<br \/>\n<a href=\"https:\/\/ecomatin.net\/conjoncture-lavenirr-socio-economique-preoccupe-les-ministres-s-de-leconomie-de-la-cemac\/\">Cliquez ici pour lire l&rsquo;article depuis sa source.<\/a><\/p>\n","protected":false},"excerpt":{"rendered":"<p>Les enjeux sont certainement \u00e0 la hauteur des attentes des 6 pays de l\u2019Afrique centrale. R\u00e9unis au sein de l\u2019Union Economique de l\u2019Afrique centrale (UEAC), le Cameroun, Centrafrique, le Congo, le Gabon, la Guin\u00e9e \u00c9quatoriale, et le Tchad envisagent marquer un tournant d\u00e9cisif dans la politique \u00e9conomique sous-r\u00e9gionale, compte tenu des nouveaux enjeux et multiples [&hellip;]<\/p>\n","protected":false},"author":1969,"featured_media":0,"comment_status":"closed","ping_status":"closed","sticky":false,"template":"","format":"standard","meta":{"fifu_image_url":"","fifu_image_alt":"","footnotes":""},"categories":[82,78],"tags":[],"class_list":["post-123738","post","type-post","status-publish","format-standard","hentry","category-cameroun","category-economie"],"_links":{"self":[{"href":"https:\/\/linitiative.ca\/International\/wp-json\/wp\/v2\/posts\/123738","targetHints":{"allow":["GET"]}}],"collection":[{"href":"https:\/\/linitiative.ca\/International\/wp-json\/wp\/v2\/posts"}],"about":[{"href":"https:\/\/linitiative.ca\/International\/wp-json\/wp\/v2\/types\/post"}],"author":[{"embeddable":true,"href":"https:\/\/linitiative.ca\/International\/wp-json\/wp\/v2\/users\/1969"}],"replies":[{"embeddable":true,"href":"https:\/\/linitiative.ca\/International\/wp-json\/wp\/v2\/comments?post=123738"}],"version-history":[{"count":0,"href":"https:\/\/linitiative.ca\/International\/wp-json\/wp\/v2\/posts\/123738\/revisions"}],"wp:attachment":[{"href":"https:\/\/linitiative.ca\/International\/wp-json\/wp\/v2\/media?parent=123738"}],"wp:term":[{"taxonomy":"category","embeddable":true,"href":"https:\/\/linitiative.ca\/International\/wp-json\/wp\/v2\/categories?post=123738"},{"taxonomy":"post_tag","embeddable":true,"href":"https:\/\/linitiative.ca\/International\/wp-json\/wp\/v2\/tags?post=123738"}],"curies":[{"name":"wp","href":"https:\/\/api.w.org\/{rel}","templated":true}]}}