{"id":123746,"date":"2021-08-10T11:00:44","date_gmt":"2021-08-10T15:00:44","guid":{"rendered":"https:\/\/linitiative.ca\/International\/casablanca-6-ans-de-prison-pour-un-grand-pere-pedophile\/"},"modified":"2021-08-10T11:00:44","modified_gmt":"2021-08-10T15:00:44","slug":"casablanca-6-ans-de-prison-pour-un-grand-pere-pedophile","status":"publish","type":"post","link":"https:\/\/linitiative.ca\/International\/casablanca-6-ans-de-prison-pour-un-grand-pere-pedophile\/","title":{"rendered":"Casablanca : 6 ans de prison pour un grand-p\u00e8re p\u00e9dophile"},"content":{"rendered":"<div>\n<p><img decoding=\"async\" width=\"300\" height=\"153\" src=\"https:\/\/linitiative.ca\/International\/wp-content\/uploads\/sites\/23\/2021\/08\/Enfant-pedophile-abuser-Maroc-1.jpg\" class=\"attachment-medium size-medium wp-post-image\" alt=\"\" loading=\"lazy\"><\/p>\n<p><span style=\"color: #800000;\"><strong>P\u00e8re de trois enfants et ayant un petitfils, ce quinquag\u00e9naire se tient devant la chambre criminelle pr\u00e8s la Cour d\u2019appel de Casablanca, poursuivi, en \u00e9tat d\u2019arrestation, pour attentat \u00e0 la pudeur sur une mineure de huit ans.<\/strong><\/span><span id=\"more-383700\"><\/span><\/p>\n<p>Mais, il clame son innocence. Il affirme, les larmes aux yeux, qu\u2019il mettait la victime, qu\u2019il consid\u00e8re comme sa petite-fille, entre ses genoux sans jamais avoir eu l\u2019intention d\u2019abuser d\u2019elle sexuellement. Toutefois, la victime qui n\u2019est autre que la fille des voisins, rejette en bloc ses d\u00e9clarations en affirmant \u00e0 la Cour qu\u2019il lui baissait le maillot tout en d\u00e9boutonnant son propre pantalon et commen\u00e7ait \u00e0 frotter son appareil g\u00e9nital sur sa partie intime. La victime n\u2019h\u00e9site pas \u00e0 raconter \u00e0 la Cour, en toute innocence, que cet homme la souillait avec un liquide. En fait, elle a tout expliqu\u00e9 \u00e0 la Cour qui semble avoir cru \u00e0 ses paroles. Surtout qu\u2019elles sont les m\u00eames que celles qu\u2019elle a d\u00e9clar\u00e9es devant la police judiciaire, le parquet g\u00e9n\u00e9ral et le juge d\u2019instruction.<\/p>\n<p>Elle a ajout\u00e9 qu\u2019il lui donnait de temps en temps une somme de cinq dirhams tout en lui demandant de ne rien r\u00e9v\u00e9ler \u00e0 personne. Et pourtant, il continue \u00e0 se disculper devant la Cour, alors que les proc\u00e8s-verbaux de son audition portent ses aveux qu\u2019il avait faits devant les enqu\u00eateurs et qui ressemblent \u00e0 ceux de la victime. Devant les limiers de la PJ, selon le PV, il a effectivement abus\u00e9 sexuellement, sans vergogne et plusieurs fois, de la fillette, profitant de l\u2019absence de sa femme et de ses enfants. Prenant la parole, le repr\u00e9sentant du minist\u00e8re public a requis la peine maximale contre ce p\u00e8re de famille p\u00e9dophile.<\/p>\n<p>En fondant sa plaidoirie sur les d\u00e9clarations de son client devant la Cour, l\u2019avocat de la d\u00e9fense a r\u00e9clam\u00e9 son acquittement. Verdict : Six ans de r\u00e9clusion criminelle.<\/p>\n<\/div>\n<p>Auteur: Abderrafii ALOUMLIKI<br \/>\n<a href=\"https:\/\/aujourdhui.ma\/faits-divers\/casablanca-6-ans-de-prison-pour-un-grand-pere-pedophile\">Cliquez ici pour lire l&rsquo;article depuis sa source.<\/a><\/p>\n","protected":false},"excerpt":{"rendered":"<p>P\u00e8re de trois enfants et ayant un petitfils, ce quinquag\u00e9naire se tient devant la chambre criminelle pr\u00e8s la Cour d\u2019appel de Casablanca, poursuivi, en \u00e9tat d\u2019arrestation, pour attentat \u00e0 la pudeur sur une mineure de huit ans. Mais, il clame son innocence. Il affirme, les larmes aux yeux, qu\u2019il mettait la victime, qu\u2019il consid\u00e8re comme [&hellip;]<\/p>\n","protected":false},"author":1759,"featured_media":0,"comment_status":"closed","ping_status":"closed","sticky":false,"template":"","format":"standard","meta":{"fifu_image_url":"https:\/\/aujourdhui.ma\/wp-content\/uploads\/2016\/02\/Enfant-pedophile-abuser-Maroc-1.jpg","fifu_image_alt":"Casablanca : 6 ans de prison pour un grand-p\u00e8re p\u00e9dophile","footnotes":""},"categories":[73,54],"tags":[],"class_list":["post-123746","post","type-post","status-publish","format-standard","hentry","category-actualite","category-maroc"],"_links":{"self":[{"href":"https:\/\/linitiative.ca\/International\/wp-json\/wp\/v2\/posts\/123746","targetHints":{"allow":["GET"]}}],"collection":[{"href":"https:\/\/linitiative.ca\/International\/wp-json\/wp\/v2\/posts"}],"about":[{"href":"https:\/\/linitiative.ca\/International\/wp-json\/wp\/v2\/types\/post"}],"author":[{"embeddable":true,"href":"https:\/\/linitiative.ca\/International\/wp-json\/wp\/v2\/users\/1759"}],"replies":[{"embeddable":true,"href":"https:\/\/linitiative.ca\/International\/wp-json\/wp\/v2\/comments?post=123746"}],"version-history":[{"count":0,"href":"https:\/\/linitiative.ca\/International\/wp-json\/wp\/v2\/posts\/123746\/revisions"}],"wp:attachment":[{"href":"https:\/\/linitiative.ca\/International\/wp-json\/wp\/v2\/media?parent=123746"}],"wp:term":[{"taxonomy":"category","embeddable":true,"href":"https:\/\/linitiative.ca\/International\/wp-json\/wp\/v2\/categories?post=123746"},{"taxonomy":"post_tag","embeddable":true,"href":"https:\/\/linitiative.ca\/International\/wp-json\/wp\/v2\/tags?post=123746"}],"curies":[{"name":"wp","href":"https:\/\/api.w.org\/{rel}","templated":true}]}}