{"id":123751,"date":"2021-08-09T14:00:00","date_gmt":"2021-08-09T18:00:00","guid":{"rendered":"https:\/\/linitiative.ca\/International\/une-vraie-politique-publique-a-legard-des-marocains-du-monde-est-une-necessite-strategique\/"},"modified":"2021-08-09T14:00:00","modified_gmt":"2021-08-09T18:00:00","slug":"une-vraie-politique-publique-a-legard-des-marocains-du-monde-est-une-necessite-strategique","status":"publish","type":"post","link":"https:\/\/linitiative.ca\/International\/une-vraie-politique-publique-a-legard-des-marocains-du-monde-est-une-necessite-strategique\/","title":{"rendered":"Une vraie politique publique \u00e0 l\u2019\u00e9gard des Marocains du monde est une n\u00e9cessit\u00e9 strat\u00e9gique"},"content":{"rendered":"<div>\n<p class=\"has-text-align-center has-vivid-red-color has-text-color\"><strong>Abdellah Boussouf, secr\u00e9taire g\u00e9n\u00e9ral du CCCME<\/strong><\/p>\n<p class=\"has-text-align-right has-black-color has-text-color\"><strong>Propos recueillis par Mohamed Sa\u00e2d BOUYAFRI<\/strong><\/p>\n<p class=\"has-text-align-left has-black-color has-text-color\"><strong>Une vraie politique publique l\u2019\u00e9gard des Marocains r\u00e9sidant \u00e0 l\u2019\u00e9tranger (MRE) est une n\u00e9cessit\u00e9 strat\u00e9gique qui permet de mobiliser les comp\u00e9tences et de renforcer les r\u00f4les que cette cat\u00e9gorie est appel\u00e9e \u00e0 jouer dans le d\u00e9veloppement du Royaume, a affirm\u00e9 le secr\u00e9taire g\u00e9n\u00e9ral du Conseil de la communaut\u00e9 marocaine \u00e0 l\u2019\u00e9tranger (CCME), M. Abdellah Boussouf.<\/strong><\/p>\n<p class=\"has-text-align-left has-black-color has-text-color\">Dans un entretien accord\u00e9 \u00e0 l\u2019Agence marocaine de presse (MAP) \u00e0 l\u2019occasion de la journ\u00e9e nationale du migrant, c\u00e9l\u00e9br\u00e9e le 10 ao\u00fbt de chaque ann\u00e9e, M. Boussouf a rappel\u00e9 que le rapport de la Commission sp\u00e9ciale sur le mod\u00e8le de d\u00e9veloppement (CSMD) a mis en avant plusieurs sujets de grande importance dans lesquels les Marocains du monde peuvent apporter leur savoir-faire afin de participer au d\u00e9veloppement de la nation.<\/p>\n<p class=\"has-text-align-left has-black-color has-text-color\">La commission a fait des propositions, en ce qui concerne la politique d\u2019attrait envers les Marocains du monde hautement qualifi\u00e9s op\u00e9rant dans les secteurs de pointe, tels que les NTIC, la biotechnologie ou les \u00e9nergies renouvelables, ou encore la mise en place d\u2019une agence marocaine de l\u2019action culturelle \u00e0 l\u2019\u00e9tranger, a relev\u00e9 M. Boussouf.\u00a0 Tenant compte de leur pr\u00e9sence dans plus de 100 pays \u00e0 travers le monde, les MRE sont, comme le Rapport le souligne, des ponts entre le Maroc et les march\u00e9s internationaux, a-t-il ajout\u00e9, notant que leurs r\u00f4les dans le rayonnement \u00e9conomique et culturel du Maroc sont indiscutables mais restent toutefois peu exploit\u00e9s.<br \/>Voil\u00e0 pourquoi, \u00ab\u00a0une vraie politique publique efficace et rationnelle \u00e0 l\u2019\u00e9gard des Marocains du monde demeure une n\u00e9cessit\u00e9 strat\u00e9gique afin d\u2019appliquer les strat\u00e9giques visant la mobilisation des comp\u00e9tences et le renforcement des r\u00f4les attribu\u00e9s aux MRE pour mieux participer au d\u00e9veloppement de notre pays\u00a0\u00bb, a soutenu M. Boussouf.<\/p>\n<p class=\"has-text-align-left has-black-color has-text-color\">La CSMD r\u00e9it\u00e8re dans son rapport l\u2019importance de la mise en \u0153uvre des dispositions constitutionnelles, pour une meilleure repr\u00e9sentation de notre diaspora, plus particuli\u00e8rement \u00e0 travers le renforcement du r\u00f4le du CCME, qui a d\u00e9velopp\u00e9, a-t-il dit, un savoir-faire scientifique sur l\u2019ensemble des questions li\u00e9es \u00e0 la communaut\u00e9 marocaine \u00e0 l\u2019\u00e9tranger dans sa diversit\u00e9.\u00a0 Ce savoir-faire, le CCME le met \u00e0 la disposition de tous les acteurs publics pour la mise en \u0153uvre d\u2019une politique publique rationnelle efficace vis-\u00e0-vis des Marocains du monde, a assur\u00e9 M. Boussouf. \u00ab\u00a0Le CCME a cumul\u00e9 au fil des ann\u00e9es une exp\u00e9rience consid\u00e9rable qui lui permet d\u2019\u00eatre le lien entre les comp\u00e9tences issues de l\u2019immigration marocaine et les diff\u00e9rentes institutions int\u00e9ress\u00e9es par leur apport, qu\u2019elles soient du secteur public ou priv\u00e9\u00a0\u00bb, a-t-il pr\u00e9cis\u00e9.\u00a0 Le CCME a \u00e9galement r\u00e9alis\u00e9 une \u00e9tude en partenariat avec l\u2019institut europ\u00e9en de sondage IPSOS sur la question de la discrimination vue par les jeunes issus de six principaux pays de l\u2019\u00e9migration marocaine, a annonc\u00e9 M. Boussouf, pr\u00e9cisant que l\u2019int\u00e9gralit\u00e9 de cette \u00e9tude in\u00e9dite qui couvre plusieurs volets sur la jeunesse marocaine en Europe sera publi\u00e9e prochainement.<\/p>\n<p class=\"has-text-align-left has-black-color has-text-color\">Dans le contexte de la crise sanitaire et conform\u00e9ment \u00e0 ses comp\u00e9tences, le CCME a suivi de pr\u00e8s la situation des MRE et les diff\u00e9rentes probl\u00e9matiques auxquelles ils sont confront\u00e9s afin de pouvoir \u00e9laborer des propositions de solutions, a fait savoir le SG du Conseil, pr\u00e9cisant, dans ce sens, que des recommandations d\u2019ordre social, administratif, \u00e9conomique et religieux ont \u00e9t\u00e9 propos\u00e9es par le CCME.<\/p>\n<p class=\"has-text-align-left has-black-color has-text-color\">Par ailleurs, M. Boussouf a expliqu\u00e9 qu\u2019\u00e0 travers sa plateforme num\u00e9rique Awacer TV, le Conseil veille \u00e0 maintenir les liens culturels et religieux avec les Marocains du Monde. La plateforme propose une programmation riche est diversifi\u00e9e et des d\u00e9bats quotidiens avec la participation de plusieurs acteurs de l\u2019\u00e9migration marocaine dans tous les domaines.<\/p>\n<p class=\"has-text-align-left has-black-color has-text-color\">Cela s\u2019ajoute \u00e0 la disponibilit\u00e9 permanente du CCME pour \u00e9couter les probl\u00e9matiques et les difficult\u00e9s des MRE et les transmet aux diff\u00e9rents acteurs institutionnels dans l\u2019objectif de trouver des solutions ad\u00e9quates.<br \/>M. Boussouf a, par ailleurs, qualifi\u00e9 d&rsquo;\u00a0\u00bbhistorique et unique dans le monde\u00a0\u00bb l\u2019initiative de SM le Roi Mohammed VI visant \u00e0 faciliter le retour au pays des Marocains du monde \u00e0 des prix abordables.\u00a0 Abordant le soutien des MRE \u00e0 la M\u00e8re-Patrie, M. Boussouf a expliqu\u00e9 qu\u2019en d\u00e9pit de l\u2019impact consid\u00e9rable de la crise sur une grande partie de la communaut\u00e9 marocaine, les transferts des Marocains du monde ont contrari\u00e9 les pr\u00e9visions internationales en enregistrant un record avec pr\u00e8s de 70 milliards de dirhams en 2020 et plus de 44 milliards de dirhams lors des 6 premiers mois de l\u2019ann\u00e9e en cours.<\/p>\n<p class=\"has-text-align-left has-black-color has-text-color\">\u00ab\u00a0C\u2019est une autre histoire inspirante en terme d\u2019engagement national et d\u2019attachement inconditionnel aux origines \u00e9crite par les Marocains r\u00e9sidant \u00e0 l\u2019\u00e9tranger\u00a0\u00bb, s\u2019est r\u00e9joui le SG du Conseil.<\/p>\n<p class=\"has-text-align-left has-black-color has-text-color\">Instaur\u00e9e en 2003 par SM le Roi Mohammed VI, la journ\u00e9e nationale du migrant est l\u2019occasion de promouvoir un espace de dialogue avec les MRE, en vue de mieux prendre connaissance de leur situation et de leurs besoins, de r\u00e9pondre \u00e0 leurs attentes et les informer des prestations assur\u00e9es par les services ext\u00e9rieurs dans les diff\u00e9rents domaines.<\/p>\n<p class=\"has-text-align-left has-black-color has-text-color\">Dans ce sens, le minist\u00e8re d\u00e9l\u00e9gu\u00e9 charg\u00e9 des Marocains r\u00e9sidant \u00e0 l\u2019\u00e9tranger a lanc\u00e9 le 03 ao\u00fbt dernier une nouvelle version de la plateforme virtuelle d\u00e9di\u00e9e aux comp\u00e9tences marocaines du monde \u00ab\u00a0MAGHRIBCOM\u00a0\u00bb (www.maghribcom.gov.ma).<\/p>\n<p class=\"has-text-align-left has-black-color has-text-color\">Cette version actualis\u00e9e intervient en application des Hautes Orientations de SM le Roi Mohammed VI qui insistent sur l\u2019imp\u00e9ratif d\u2019accompagner les Marocains r\u00e9sidant \u00e0 l\u2019\u00e9tranger, en veillant \u00e0 am\u00e9liorer tous les services et prestations qui leur sont destin\u00e9s.\u00a0<\/p>\n<p>L\u2019article <a rel=\"nofollow\" href=\"http:\/\/albayane.press.ma\/une-vraie-politique-publique-a-legard-des-marocains-du-monde-est-une-necessite-strategique.html\">Une vraie politique publique \u00e0 l\u2019\u00e9gard des Marocains du monde est une n\u00e9cessit\u00e9 strat\u00e9gique<\/a> est apparu en premier sur <a rel=\"nofollow\" href=\"http:\/\/albayane.press.ma\/\">ALBAYANE<\/a>.<\/p>\n<\/div>\n<p>Auteur: M&rsquo;hammed rahal<br \/>\n<a href=\"http:\/\/albayane.press.ma\/une-vraie-politique-publique-a-legard-des-marocains-du-monde-est-une-necessite-strategique.html\">Cliquez ici pour lire l&rsquo;article depuis sa source.<\/a><\/p>\n","protected":false},"excerpt":{"rendered":"<p>Abdellah Boussouf, secr\u00e9taire g\u00e9n\u00e9ral du CCCME Propos recueillis par Mohamed Sa\u00e2d BOUYAFRI Une vraie politique publique l\u2019\u00e9gard des Marocains r\u00e9sidant \u00e0 l\u2019\u00e9tranger (MRE) est une n\u00e9cessit\u00e9 strat\u00e9gique qui permet de mobiliser les comp\u00e9tences et de renforcer les r\u00f4les que cette cat\u00e9gorie est appel\u00e9e \u00e0 jouer dans le d\u00e9veloppement du Royaume, a affirm\u00e9 le secr\u00e9taire g\u00e9n\u00e9ral [&hellip;]<\/p>\n","protected":false},"author":1760,"featured_media":0,"comment_status":"closed","ping_status":"closed","sticky":false,"template":"","format":"standard","meta":{"fifu_image_url":"","fifu_image_alt":"","footnotes":""},"categories":[73,54],"tags":[],"class_list":["post-123751","post","type-post","status-publish","format-standard","hentry","category-actualite","category-maroc"],"_links":{"self":[{"href":"https:\/\/linitiative.ca\/International\/wp-json\/wp\/v2\/posts\/123751","targetHints":{"allow":["GET"]}}],"collection":[{"href":"https:\/\/linitiative.ca\/International\/wp-json\/wp\/v2\/posts"}],"about":[{"href":"https:\/\/linitiative.ca\/International\/wp-json\/wp\/v2\/types\/post"}],"author":[{"embeddable":true,"href":"https:\/\/linitiative.ca\/International\/wp-json\/wp\/v2\/users\/1760"}],"replies":[{"embeddable":true,"href":"https:\/\/linitiative.ca\/International\/wp-json\/wp\/v2\/comments?post=123751"}],"version-history":[{"count":0,"href":"https:\/\/linitiative.ca\/International\/wp-json\/wp\/v2\/posts\/123751\/revisions"}],"wp:attachment":[{"href":"https:\/\/linitiative.ca\/International\/wp-json\/wp\/v2\/media?parent=123751"}],"wp:term":[{"taxonomy":"category","embeddable":true,"href":"https:\/\/linitiative.ca\/International\/wp-json\/wp\/v2\/categories?post=123751"},{"taxonomy":"post_tag","embeddable":true,"href":"https:\/\/linitiative.ca\/International\/wp-json\/wp\/v2\/tags?post=123751"}],"curies":[{"name":"wp","href":"https:\/\/api.w.org\/{rel}","templated":true}]}}