{"id":123752,"date":"2021-08-09T14:00:00","date_gmt":"2021-08-09T18:00:00","guid":{"rendered":"https:\/\/linitiative.ca\/International\/en-appelant-lalgerie-au-dialogue-sm-le-roi-veut-construire-un-avenir-de-paix-et-de-concorde-dans-la-region\/"},"modified":"2021-08-09T14:00:00","modified_gmt":"2021-08-09T18:00:00","slug":"en-appelant-lalgerie-au-dialogue-sm-le-roi-veut-construire-un-avenir-de-paix-et-de-concorde-dans-la-region","status":"publish","type":"post","link":"https:\/\/linitiative.ca\/International\/en-appelant-lalgerie-au-dialogue-sm-le-roi-veut-construire-un-avenir-de-paix-et-de-concorde-dans-la-region\/","title":{"rendered":"En appelant l\u2019Alg\u00e9rie au dialogue, SM le Roi veut \u00ab construire un avenir de paix et de concorde \u00bb dans la r\u00e9gion"},"content":{"rendered":"<div>\n<p class=\"has-text-align-center has-vivid-red-color has-text-color\"><strong>Acteurs politiques et de la soci\u00e9t\u00e9 civile au Chili<\/strong><\/p>\n<p class=\"has-black-color has-text-color\"><strong>Des acteurs politiques et de la soci\u00e9t\u00e9 civile au Chili ont salu\u00e9 \u00ab la main tendue \u00bb de SM le Roi Mohammed VI pour engager un dialogue avec l\u2019Alg\u00e9rie, afin de \u00ab construire un avenir de paix et de concorde \u00bb dans la r\u00e9gion.<\/strong><\/p>\n<p class=\"has-black-color has-text-color\">Dans des messages enregistr\u00e9s \u00e0 l\u2019occasion de la f\u00eate du Tr\u00f4ne, ces acteurs chiliens ont estim\u00e9 que \u00ab l\u2019appel g\u00e9n\u00e9reux \u00bb du Souverain au dialogue est une opportunit\u00e9 pour d\u00e9passer le statu quo qui dure depuis trop longtemps.<br \/>Osvaldo Andrade, ancien pr\u00e9sident de la chambre des d\u00e9put\u00e9s du Chili, a salu\u00e9 le sens de l\u2019appel royal, \u00e0 l\u2019occasion de la f\u00eate du tr\u00f4ne, pour l\u2019ouverture des fronti\u00e8res entre le Maroc et l\u2019Alg\u00e9rie.<\/p>\n<p class=\"has-black-color has-text-color\">Andrade, qui est \u00e9galement vice-pr\u00e9sident de la Fondation Globale Chili-Maroc, a soulign\u00e9 que cet appel a pour objectif d\u2019\u00e9tablir un climat de \u00ab paix et de concorde pour que les deux peuples puissent affronter en commun les probl\u00e8mes qui les affectent \u00bb, ajoutant que ce \u00ab geste politique \u00bb devrait \u00eatre soutenu par toutes les personnes \u00e9prises de paix dans le monde.<\/p>\n<p class=\"has-black-color has-text-color\">Pour Juan Carlos de La Torre, pr\u00e9sident de l\u2019organisation d\u00e9mocrate-chr\u00e9tienne d\u2019Am\u00e9rique, \u00ab le message humaniste \u00bb d\u00e9livr\u00e9 par le discours du Tr\u00f4ne 2021 vise \u00ab \u00e0 en finir avec la fermeture des fronti\u00e8res entre le Maroc et l\u2019Alg\u00e9rie (\u2026) afin de renforcer les liens de fraternit\u00e9 entre deux pays appel\u00e9s \u00e0 conjuguer leurs efforts pour le bien-\u00eatre de leurs peuples \u00bb.<\/p>\n<p class=\"has-black-color has-text-color\">Pour De La Torre, qui est \u00e9galement vice-pr\u00e9sident de la Fondation globale Chili-Maroc, il s\u2019agit d\u2019un \u00ab message d\u2019espoir et d\u2019optimisme qui refl\u00e8te la volont\u00e9 de construire un avenir de paix et de prosp\u00e9rit\u00e9 \u00bb.<\/p>\n<p class=\"has-black-color has-text-color\">David Dahma, secr\u00e9taire g\u00e9n\u00e9ral de la Fondation Afrique-Am\u00e9rique Latine si\u00e8cle XXI, a estim\u00e9 que le temps \u00e9tait venu pour \u00ab d\u00e9passer le statu quo (entre le Maroc et l\u2019Alg\u00e9rie) qui a dur\u00e9 trop longtemps \u00bb.<\/p>\n<p class=\"has-black-color has-text-color\">Le discours royal est \u00ab une invite (\u00e0 l\u2019Alg\u00e9rie) pour \u0153uvrer ensemble en ces temps o\u00f9 les barri\u00e8res entre voisins ne sont plus permises. Les deux pays et les deux peuples m\u00e9ritent que cette situation, que rien ne justifie, soient r\u00e9gl\u00e9e \u00bb.<br \/>Cristina Orellana, membre du directoire de la \u00ab Fondation Afrique \u2013 Am\u00e9rique Latin Si\u00e8cle XXI \u00bb au Chili, a affirm\u00e9 que \u00ab<\/p>\n<p class=\"has-black-color has-text-color\">la main tendue \u00bb du Souverain \u00e0 l\u2019adresse de l\u2019Alg\u00e9rie est un nouveau pas vers le dialogue et la paix dans la r\u00e9gion.<br \/>Affirmant que cette situation \u00ab fait souffrir les deux peuples qui partagent une fronti\u00e8re ferm\u00e9e depuis 1994 \u00bb, Orellana a estim\u00e9 que le Souverain \u00ab a montr\u00e9 qu\u2019en Afrique, il \u00e9tait possible de mener un processus de dialogue et de paix \u00bb.<\/p>\n<p>L\u2019article <a rel=\"nofollow\" href=\"http:\/\/albayane.press.ma\/en-appelant-lalgerie-au-dialogue-sm-le-roi-veut-construire-un-avenir-de-paix-et-de-concorde-dans-la-region.html\">En appelant l\u2019Alg\u00e9rie au dialogue, SM le Roi veut \u00ab construire un avenir de paix et de concorde \u00bb dans la r\u00e9gion<\/a> est apparu en premier sur <a rel=\"nofollow\" href=\"http:\/\/albayane.press.ma\/\">ALBAYANE<\/a>.<\/p>\n<\/div>\n<p>Auteur: M&rsquo;hammed rahal<br \/>\n<a href=\"http:\/\/albayane.press.ma\/en-appelant-lalgerie-au-dialogue-sm-le-roi-veut-construire-un-avenir-de-paix-et-de-concorde-dans-la-region.html\">Cliquez ici pour lire l&rsquo;article depuis sa source.<\/a><\/p>\n","protected":false},"excerpt":{"rendered":"<p>Acteurs politiques et de la soci\u00e9t\u00e9 civile au Chili Des acteurs politiques et de la soci\u00e9t\u00e9 civile au Chili ont salu\u00e9 \u00ab la main tendue \u00bb de SM le Roi Mohammed VI pour engager un dialogue avec l\u2019Alg\u00e9rie, afin de \u00ab construire un avenir de paix et de concorde \u00bb dans la r\u00e9gion. Dans des [&hellip;]<\/p>\n","protected":false},"author":1760,"featured_media":0,"comment_status":"closed","ping_status":"closed","sticky":false,"template":"","format":"standard","meta":{"fifu_image_url":"","fifu_image_alt":"","footnotes":""},"categories":[73,54],"tags":[],"class_list":["post-123752","post","type-post","status-publish","format-standard","hentry","category-actualite","category-maroc"],"_links":{"self":[{"href":"https:\/\/linitiative.ca\/International\/wp-json\/wp\/v2\/posts\/123752","targetHints":{"allow":["GET"]}}],"collection":[{"href":"https:\/\/linitiative.ca\/International\/wp-json\/wp\/v2\/posts"}],"about":[{"href":"https:\/\/linitiative.ca\/International\/wp-json\/wp\/v2\/types\/post"}],"author":[{"embeddable":true,"href":"https:\/\/linitiative.ca\/International\/wp-json\/wp\/v2\/users\/1760"}],"replies":[{"embeddable":true,"href":"https:\/\/linitiative.ca\/International\/wp-json\/wp\/v2\/comments?post=123752"}],"version-history":[{"count":0,"href":"https:\/\/linitiative.ca\/International\/wp-json\/wp\/v2\/posts\/123752\/revisions"}],"wp:attachment":[{"href":"https:\/\/linitiative.ca\/International\/wp-json\/wp\/v2\/media?parent=123752"}],"wp:term":[{"taxonomy":"category","embeddable":true,"href":"https:\/\/linitiative.ca\/International\/wp-json\/wp\/v2\/categories?post=123752"},{"taxonomy":"post_tag","embeddable":true,"href":"https:\/\/linitiative.ca\/International\/wp-json\/wp\/v2\/tags?post=123752"}],"curies":[{"name":"wp","href":"https:\/\/api.w.org\/{rel}","templated":true}]}}