{"id":123753,"date":"2021-08-09T14:00:00","date_gmt":"2021-08-09T18:00:00","guid":{"rendered":"https:\/\/linitiative.ca\/International\/au-milieu-des-catastrophes-de-nouvelles-previsions-climatiques-tres-attendues\/"},"modified":"2021-08-09T14:00:00","modified_gmt":"2021-08-09T18:00:00","slug":"au-milieu-des-catastrophes-de-nouvelles-previsions-climatiques-tres-attendues","status":"publish","type":"post","link":"https:\/\/linitiative.ca\/International\/au-milieu-des-catastrophes-de-nouvelles-previsions-climatiques-tres-attendues\/","title":{"rendered":"Au milieu des catastrophes, de nouvelles pr\u00e9visions climatiques tr\u00e8s attendues"},"content":{"rendered":"<div>\n<p class=\"has-text-align-center has-vivid-cyan-blue-color has-text-color\"><strong>R\u00e9chauffement climatique<\/strong><\/p>\n<p class=\"has-black-color has-text-color\"><strong>Alors que les images d\u2019inondations et d\u2019incendies font la Une \u00e0 travers le monde, les experts climat de l\u2019ONU publient lundi leurs nouvelles pr\u00e9visions climatiques tr\u00e8s attendues, \u00e0 trois mois de la conf\u00e9rence climat COP26 cruciale pour l\u2019avenir de l\u2019humanit\u00e9.<\/strong><\/p>\n<p class=\"has-black-color has-text-color\">Apr\u00e8s deux semaines de r\u00e9union \u00e0 huis clos et en virtuel, 195 pays ont approuv\u00e9 vendredi cette premi\u00e8re \u00e9valuation compl\u00e8te du Giec depuis sept ans, dont le \u00ab\u00a0r\u00e9sum\u00e9 pour les d\u00e9cideurs\u00a0\u00bb a \u00e9t\u00e9 n\u00e9goci\u00e9 ligne par ligne et mot par mot.<br \/>Au milieu d\u2019une avalanche de catastrophes sur la plan\u00e8te, des inondations en Allemagne et en Chine aux incendies monstres en Europe et en Am\u00e9rique du Nord, en passant par les temp\u00e9ratures d\u00e9lirantes au Canada, les scientifiques d\u00e9voilent lundi \u00e0 08H00 GMT ces nouvelles \u00e9valuations et pr\u00e9visions concernant la hausse de la temp\u00e9rature mondiale, l\u2019augmentation du niveau des oc\u00e9ans ou encore l\u2019intensification des \u00e9v\u00e9nements extr\u00eames.<\/p>\n<p class=\"has-black-color has-text-color\">\u00ab\u00a0Il s\u2019agira de l\u2019avertissement le plus s\u00e9v\u00e8re jamais lanc\u00e9 sur le fait que le comportement humain acc\u00e9l\u00e8re de mani\u00e8re alarmante le r\u00e9chauffement climatique\u00a0\u00bb, a d\u00e9clar\u00e9 le pr\u00e9sident de la COP26, Alok Sharma, dans une interview au journal The Observer, \u00e9dition dominicale du Guardian.<\/p>\n<p class=\"has-black-color has-text-color\">Ce rapport \u00ab\u00a0va \u00eatre un signal d\u2019alarme pour tous ceux qui n\u2019ont pas encore compris pourquoi la prochaine d\u00e9cennie doit \u00eatre absolument d\u00e9cisive en termes d\u2019action pour le climat\u00a0\u00bb, a ajout\u00e9 le ministre britannique, notant que \u00ab\u00a0nous nous rapprochons dangereusement du moment\u00a0\u00bb o\u00f9 ce sera trop tard pour agir.<br \/>La responsable climat de l\u2019ONU, Patricia Espinosa, avait elle aussi insist\u00e9 lors de l\u2019ouverture de la session du Giec fin juillet sur la n\u00e9cessit\u00e9 d\u2019agir vite.<\/p>\n<p class=\"has-black-color has-text-color\">\u00ab\u00a0La r\u00e9alit\u00e9 est que nous ne sommes pas en bonne voie pour respecter l\u2019objectif de l\u2019Accord de Paris de limiter le r\u00e9chauffement \u00e0 +1,5\u00b0C d\u2019ici la fin du si\u00e8cle. En fait, nous sommes sur le chemin oppos\u00e9, nous nous dirigeons vers plus de +3\u00b0C. Nous devons changer de direction de fa\u00e7on urgente avant qu\u2019il ne soit trop tard\u00a0\u00bb, avait-t-elle martel\u00e9.<br \/>\u00ab\u00a0Je dis ceci aux d\u00e9cideurs: la science ne permet pas de voir le monde comme on voudrait qu\u2019il soit, elle montre le monde tel qu\u2019il est. Ce n\u2019est pas de la politique, c\u2019est la r\u00e9alit\u00e9\u00a0\u00bb, avait-elle ajout\u00e9.<\/p>\n<p class=\"has-black-color has-text-color\">En signant l\u2019Accord de Paris en 2015, la quasi totalit\u00e9 des pays de la plan\u00e8te se sont engag\u00e9s \u00e0 r\u00e9duire les \u00e9missions de CO2 pour limiter le r\u00e9chauffement \u00ab\u00a0bien en-de\u00e7\u00e0\u00a0\u00bb de +2\u00b0C par rapport \u00e0 l\u2019\u00e8re pr\u00e9-industrielle, si possible +1,5\u00b0C.<br \/>Alors que la plan\u00e8te s\u2019est d\u00e9j\u00e0 r\u00e9chauff\u00e9e d\u2019environ 1,1\u00b0C et que chaque fraction de degr\u00e9 en plus apporte son lot d\u2019\u00e9v\u00e9nements extr\u00eames suppl\u00e9mentaires, ce seuil de +1,5\u00b0C est depuis devenu l\u2019objectif prioritaire de nombreux militants et responsables politiques.<\/p>\n<p class=\"has-black-color has-text-color\">Mais peut-on arriver \u00e0 ne pas le d\u00e9passer ? C\u2019est une des questions centrales qu\u2019abordera le rapport du Giec qui s\u2019appuie sur des milliers d\u2019\u00e9tudes scientifiques les plus r\u00e9centes.<\/p>\n<p class=\"has-black-color has-text-color\">\u00ab\u00a0Si on ne baisse pas nos \u00e9missions dans la d\u00e9cennie qui vient, on n\u2019y arrivera pas. Les +1,5\u00b0C vont \u00eatre atteints tr\u00e8s probablement entre 2030 et 2040, ce sont les meilleures estimations qu\u2019on a aujourd\u2019hui\u00a0\u00bb, indiquait \u00e0 l\u2019AFP le climatologue Robert Vautard, l\u2019un des auteurs de ce premier volet de l\u2019\u00e9valuation du Giec, avant le d\u00e9but de la session en juillet.<\/p>\n<p class=\"has-black-color has-text-color\">Pour esp\u00e9rer limiter le r\u00e9chauffement \u00e0 +1,5\u00b0C, il faudrait r\u00e9duire chaque ann\u00e9e les \u00e9missions de 7,6% en moyenne, entre 2020 et 2030, selon l\u2019ONU. Et si 2020 a vu une baisse de cette ampleur en raison de la pand\u00e9mie, un rebond est attendu.<\/p>\n<p class=\"has-black-color has-text-color\">Deux autres volets de l\u2019\u00e9valuation du Giec doivent \u00eatre publi\u00e9s en 2022. Celui sur les impacts, dont l\u2019AFP a obtenu une version pr\u00e9liminaire, montre comment la vie sur Terre sera in\u00e9luctablement transform\u00e9e d\u2019ici \u00e0 trente ans, voire plus t\u00f4t. Le troisi\u00e8me concerne les solutions pour r\u00e9duire les \u00e9missions.<\/p>\n<p>L\u2019article <a rel=\"nofollow\" href=\"http:\/\/albayane.press.ma\/au-milieu-des-catastrophes-de-nouvelles-previsions-climatiques-tres-attendues.html\">Au milieu des catastrophes, de nouvelles pr\u00e9visions climatiques tr\u00e8s attendues<\/a> est apparu en premier sur <a rel=\"nofollow\" href=\"http:\/\/albayane.press.ma\/\">ALBAYANE<\/a>.<\/p>\n<\/div>\n<p>Auteur: M&rsquo;hammed rahal<br \/>\n<a href=\"http:\/\/albayane.press.ma\/au-milieu-des-catastrophes-de-nouvelles-previsions-climatiques-tres-attendues.html\">Cliquez ici pour lire l&rsquo;article depuis sa source.<\/a><\/p>\n","protected":false},"excerpt":{"rendered":"<p>R\u00e9chauffement climatique Alors que les images d\u2019inondations et d\u2019incendies font la Une \u00e0 travers le monde, les experts climat de l\u2019ONU publient lundi leurs nouvelles pr\u00e9visions climatiques tr\u00e8s attendues, \u00e0 trois mois de la conf\u00e9rence climat COP26 cruciale pour l\u2019avenir de l\u2019humanit\u00e9. Apr\u00e8s deux semaines de r\u00e9union \u00e0 huis clos et en virtuel, 195 pays [&hellip;]<\/p>\n","protected":false},"author":1760,"featured_media":0,"comment_status":"closed","ping_status":"closed","sticky":false,"template":"","format":"standard","meta":{"fifu_image_url":"","fifu_image_alt":"","footnotes":""},"categories":[73,54],"tags":[],"class_list":["post-123753","post","type-post","status-publish","format-standard","hentry","category-actualite","category-maroc"],"_links":{"self":[{"href":"https:\/\/linitiative.ca\/International\/wp-json\/wp\/v2\/posts\/123753","targetHints":{"allow":["GET"]}}],"collection":[{"href":"https:\/\/linitiative.ca\/International\/wp-json\/wp\/v2\/posts"}],"about":[{"href":"https:\/\/linitiative.ca\/International\/wp-json\/wp\/v2\/types\/post"}],"author":[{"embeddable":true,"href":"https:\/\/linitiative.ca\/International\/wp-json\/wp\/v2\/users\/1760"}],"replies":[{"embeddable":true,"href":"https:\/\/linitiative.ca\/International\/wp-json\/wp\/v2\/comments?post=123753"}],"version-history":[{"count":0,"href":"https:\/\/linitiative.ca\/International\/wp-json\/wp\/v2\/posts\/123753\/revisions"}],"wp:attachment":[{"href":"https:\/\/linitiative.ca\/International\/wp-json\/wp\/v2\/media?parent=123753"}],"wp:term":[{"taxonomy":"category","embeddable":true,"href":"https:\/\/linitiative.ca\/International\/wp-json\/wp\/v2\/categories?post=123753"},{"taxonomy":"post_tag","embeddable":true,"href":"https:\/\/linitiative.ca\/International\/wp-json\/wp\/v2\/tags?post=123753"}],"curies":[{"name":"wp","href":"https:\/\/api.w.org\/{rel}","templated":true}]}}