{"id":123754,"date":"2021-08-09T14:00:00","date_gmt":"2021-08-09T18:00:00","guid":{"rendered":"https:\/\/linitiative.ca\/International\/la-californie-lutte-contre-le-2e-incendie-le-plus-vaste-de-son-histoire\/"},"modified":"2021-08-09T14:00:00","modified_gmt":"2021-08-09T18:00:00","slug":"la-californie-lutte-contre-le-2e-incendie-le-plus-vaste-de-son-histoire","status":"publish","type":"post","link":"https:\/\/linitiative.ca\/International\/la-californie-lutte-contre-le-2e-incendie-le-plus-vaste-de-son-histoire\/","title":{"rendered":"La Californie lutte contre le 2e incendie le plus vaste de son histoire"},"content":{"rendered":"<div>\n<p class=\"has-black-color has-text-color\"><strong>Le gigantesque Dixie Fire, devenu dimanche le deuxi\u00e8me plus vaste incendie de l\u2019histoire de la Californie, devrait perdurer pendant encore au moins une dizaine de jours, faisant fuir des milliers de personnes tandis que trois habitants manquaient toujours \u00e0 l\u2019appel.<\/strong><\/p>\n<p class=\"has-black-color has-text-color\">Selon le dernier bilan publi\u00e9 par les pompiers de Californie dimanche, le brasier avait r\u00e9duit en cendres un peu plus de 198.000 hectares depuis son d\u00e9part le 13 juillet dans le nord de cet Etat. Il couvre d\u00e9sormais une superficie sup\u00e9rieure \u00e0 la taille de Los Angeles.<\/p>\n<p class=\"has-black-color has-text-color\">\u00ab\u00a0C\u2019\u00e9tait conduire pour sortir d\u2019une zone de guerre, comme on le voit dans les films\u00a0\u00bb, a racont\u00e9 \u00e0 l\u2019AFP Tami Kugler, assise pr\u00e8s d\u2019une tente install\u00e9e sur un site d\u2019\u00e9vacuation o\u00f9 elle s\u2019est r\u00e9fugi\u00e9e apr\u00e8s avoir fui Greenville.<\/p>\n<p class=\"has-black-color has-text-color\">Ce bourg a \u00e9t\u00e9 totalement ravag\u00e9 il y a quelques jours et trois personnes \u00e9taient toujours port\u00e9es disparues dimanche.<br \/>\u00ab\u00a0Mon quartier n\u2019existe plus \u2013je veux dire plus du tout, ras\u00e9. Les maisons de tout ceux auxquels je tiens et que j\u2019aime dans ce quartier ont disparu\u00a0\u00bb, insiste Tami Kugler. \u00ab\u00a0Je n\u2019\u00e9tais pas assur\u00e9e\u00a0\u00bb, confie-t-elle.<\/p>\n<p class=\"has-black-color has-text-color\">Le gouverneur de Californie Gavin Newsom a parcouru samedi les ruines de la ville, exprimant sa \u00ab\u00a0profonde reconnaissance\u00a0\u00bb \u00e0 l\u2019\u00e9gard du travail sans rel\u00e2che des soldats du feu. Il a affirm\u00e9 que les autorit\u00e9s devaient consacrer davantage de ressources \u00e0 la gestion foresti\u00e8re et \u00e0 la pr\u00e9vention des incendies.<\/p>\n<p class=\"has-black-color has-text-color\">Mais \u00ab\u00a0les s\u00e9cheresses sont beaucoup plus s\u00e9v\u00e8res, il fait plus chaud que jamais\u2026 Nous devons admettre ouvertement que ces incendies sont caus\u00e9s par le climat\u00a0\u00bb, a-t-il ajout\u00e9.<\/p>\n<p class=\"has-black-color has-text-color\">Le brasier n\u2019a fait que grossir, attis\u00e9 par une chaleur \u00e9touffante, une s\u00e9cheresse alarmante et des vents persistants.<br \/>Les feux de for\u00eat sont courants en Californie \u2013au point que les habitants se demandent parfois ce qu\u2019il reste \u00e0 br\u00fbler. Mais en raison du changement climatique, cet \u00e9t\u00e9 est particuli\u00e8rement violent et onze incendies s\u00e9vissaient dimanche \u00e0 travers tout l\u2019Etat.<\/p>\n<p class=\"has-black-color has-text-color\">Huit des dix plus gros incendies jamais survenus en Californie ont br\u00fbl\u00e9 depuis 2017. Et m\u00eame six depuis 2020, lorsque s\u2019est produit le plus vaste de tous \u2013August Complex\u2013 avec 417.000 hectares d\u00e9truits.<\/p>\n<p class=\"has-black-color has-text-color\">La m\u00e9t\u00e9o plus cl\u00e9mente ce week-end a accord\u00e9 un peu de r\u00e9pit aux 5.000 pompiers combattant nuit et jour le brasier, d\u00e9j\u00e0 plus grand que la ville de Los Angeles. Progressant sur des sentiers extr\u00eamement escarp\u00e9s, trois d\u2019entre eux ont \u00e9t\u00e9 bless\u00e9s en op\u00e9ration.<\/p>\n<p class=\"has-black-color has-text-color\">Mais des temp\u00e9ratures \u00e9touffantes sup\u00e9rieures \u00e0 38 degr\u00e9s Celsius sont de nouveau attendues en milieu de semaine et les soldats du feu estiment que l\u2019incendie ne sera pas \u00e9teint avant le 20 ao\u00fbt.<\/p>\n<p class=\"has-black-color has-text-color\">Des milliers d\u2019habitants ont fui la r\u00e9gion, beaucoup d\u2019entre eux se r\u00e9fugiant dans des camps de fortune \u2013parfois de simples tentes\u2013, souvent sans savoir si leurs maisons ont \u00e9chapp\u00e9 aux flammes. Quelque 370 structures (maisons et autres b\u00e2timents) ont d\u00e9j\u00e0 \u00e9t\u00e9 d\u00e9truites.<\/p>\n<p class=\"has-black-color has-text-color\">Sur un site d\u2019\u00e9vacuation pr\u00e8s de Susanville, des familles \u00e9puis\u00e9es attendent pr\u00e8s de leurs abris de fortune et de v\u00e9hicules bourr\u00e9s des quelques affaires emport\u00e9es \u00e0 la h\u00e2te en abandonnant leurs maisons face \u00e0 l\u2019avanc\u00e9e des flammes.<\/p>\n<p class=\"has-black-color has-text-color\">Plusieurs localit\u00e9s et villages ont \u00e9t\u00e9 d\u00e9truits et, selon le service des pompiers, des \u00e9quipes s\u2019employaient dimanche \u00e0 prot\u00e9ger la petite ville de Crescent Mills situ\u00e9e \u00e0 cinq kilom\u00e8tres de Greenville.<\/p>\n<p class=\"has-black-color has-text-color\">Malgr\u00e9 les ordres r\u00e9p\u00e9t\u00e9s d\u2019\u00e9vacuation des autorit\u00e9s, certains habitants s\u2019ent\u00eatent malgr\u00e9 tout \u00e0 combattre le feu par eux-m\u00eames, soucieux de ne pas confier la s\u00e9curit\u00e9 de leurs biens \u00e0 des inconnus.<\/p>\n<p class=\"has-black-color has-text-color\">Selon une enqu\u00eate pr\u00e9liminaire, la chute d\u2019un arbre sur l\u2019un des milliers de c\u00e2bles \u00e9lectriques qui strient le paysage am\u00e9ricain est \u00e0 l\u2019origine du brasier.<\/p>\n<p class=\"has-black-color has-text-color\">Cette ligne \u00e9lectrique appartient \u00e0 la Pacific Gas and Company (PG&amp;E), un op\u00e9rateur priv\u00e9 d\u00e9j\u00e0 coupable d\u2019avoir provoqu\u00e9 le Camp Fire, un incendie qui avait quasiment ray\u00e9 la ville de Paradise de la carte et tu\u00e9 86 personnes en 2018, \u00e0 seulement quelques kilom\u00e8tres de l\u00e0.<\/p>\n<p>L\u2019article <a rel=\"nofollow\" href=\"http:\/\/albayane.press.ma\/la-californie-lutte-contre-le-2e-incendie-le-plus-vaste-de-son-histoire.html\">La Californie lutte contre le 2e incendie le plus vaste de son histoire<\/a> est apparu en premier sur <a rel=\"nofollow\" href=\"http:\/\/albayane.press.ma\/\">ALBAYANE<\/a>.<\/p>\n<\/div>\n<p>Auteur: M&rsquo;hammed rahal<br \/>\n<a href=\"http:\/\/albayane.press.ma\/la-californie-lutte-contre-le-2e-incendie-le-plus-vaste-de-son-histoire.html\">Cliquez ici pour lire l&rsquo;article depuis sa source.<\/a><\/p>\n","protected":false},"excerpt":{"rendered":"<p>Le gigantesque Dixie Fire, devenu dimanche le deuxi\u00e8me plus vaste incendie de l\u2019histoire de la Californie, devrait perdurer pendant encore au moins une dizaine de jours, faisant fuir des milliers de personnes tandis que trois habitants manquaient toujours \u00e0 l\u2019appel. Selon le dernier bilan publi\u00e9 par les pompiers de Californie dimanche, le brasier avait r\u00e9duit [&hellip;]<\/p>\n","protected":false},"author":1760,"featured_media":0,"comment_status":"closed","ping_status":"closed","sticky":false,"template":"","format":"standard","meta":{"fifu_image_url":"","fifu_image_alt":"","footnotes":""},"categories":[73,54],"tags":[],"class_list":["post-123754","post","type-post","status-publish","format-standard","hentry","category-actualite","category-maroc"],"_links":{"self":[{"href":"https:\/\/linitiative.ca\/International\/wp-json\/wp\/v2\/posts\/123754","targetHints":{"allow":["GET"]}}],"collection":[{"href":"https:\/\/linitiative.ca\/International\/wp-json\/wp\/v2\/posts"}],"about":[{"href":"https:\/\/linitiative.ca\/International\/wp-json\/wp\/v2\/types\/post"}],"author":[{"embeddable":true,"href":"https:\/\/linitiative.ca\/International\/wp-json\/wp\/v2\/users\/1760"}],"replies":[{"embeddable":true,"href":"https:\/\/linitiative.ca\/International\/wp-json\/wp\/v2\/comments?post=123754"}],"version-history":[{"count":0,"href":"https:\/\/linitiative.ca\/International\/wp-json\/wp\/v2\/posts\/123754\/revisions"}],"wp:attachment":[{"href":"https:\/\/linitiative.ca\/International\/wp-json\/wp\/v2\/media?parent=123754"}],"wp:term":[{"taxonomy":"category","embeddable":true,"href":"https:\/\/linitiative.ca\/International\/wp-json\/wp\/v2\/categories?post=123754"},{"taxonomy":"post_tag","embeddable":true,"href":"https:\/\/linitiative.ca\/International\/wp-json\/wp\/v2\/tags?post=123754"}],"curies":[{"name":"wp","href":"https:\/\/api.w.org\/{rel}","templated":true}]}}