{"id":123756,"date":"2021-08-10T08:05:00","date_gmt":"2021-08-10T12:05:00","guid":{"rendered":"https:\/\/linitiative.ca\/International\/36-incendies-dans-18-wilayas-7-personnes-decedees\/"},"modified":"2021-08-10T08:05:00","modified_gmt":"2021-08-10T12:05:00","slug":"36-incendies-dans-18-wilayas-7-personnes-decedees","status":"publish","type":"post","link":"https:\/\/linitiative.ca\/International\/36-incendies-dans-18-wilayas-7-personnes-decedees\/","title":{"rendered":"36 incendies dans 18 wilayas, 7 personnes d\u00e9c\u00e9d\u00e9es"},"content":{"rendered":"<div>L\u2019Alg\u00e9rie a enregistr\u00e9 entre la nuit de lundi \u00e0 mardi matin 36 feux de for\u00eat dans 18 wilayas du pays, et qui ont fait 7 morts ( 6 d\u00e9c\u00e8s \u00e0 Tizi Ouzou et autre \u00e0 S\u00e9tif) ainsi que plusieurs bless\u00e9s<\/div>\n<p>Auteur:<br \/>\n<a href=\"https:\/\/www.liberte-algerie.com\/actualite\/36-incendies-dans-18-wilayas-7-personnes-decedees-363175\">Cliquez ici pour lire l&rsquo;article depuis sa source.<\/a><\/p>\n","protected":false},"excerpt":{"rendered":"<p>L\u2019Alg\u00e9rie a enregistr\u00e9 entre la nuit de lundi \u00e0 mardi matin 36 feux de for\u00eat dans 18 wilayas du pays, et qui ont fait 7 morts ( 6 d\u00e9c\u00e8s \u00e0 Tizi Ouzou et autre \u00e0 S\u00e9tif) ainsi que plusieurs bless\u00e9s Auteur: Cliquez ici pour lire l&rsquo;article depuis sa source.<\/p>\n","protected":false},"author":1742,"featured_media":0,"comment_status":"closed","ping_status":"closed","sticky":false,"template":"","format":"standard","meta":{"fifu_image_url":"","fifu_image_alt":"","footnotes":""},"categories":[73,53],"tags":[],"class_list":["post-123756","post","type-post","status-publish","format-standard","hentry","category-actualite","category-algerie"],"_links":{"self":[{"href":"https:\/\/linitiative.ca\/International\/wp-json\/wp\/v2\/posts\/123756","targetHints":{"allow":["GET"]}}],"collection":[{"href":"https:\/\/linitiative.ca\/International\/wp-json\/wp\/v2\/posts"}],"about":[{"href":"https:\/\/linitiative.ca\/International\/wp-json\/wp\/v2\/types\/post"}],"author":[{"embeddable":true,"href":"https:\/\/linitiative.ca\/International\/wp-json\/wp\/v2\/users\/1742"}],"replies":[{"embeddable":true,"href":"https:\/\/linitiative.ca\/International\/wp-json\/wp\/v2\/comments?post=123756"}],"version-history":[{"count":0,"href":"https:\/\/linitiative.ca\/International\/wp-json\/wp\/v2\/posts\/123756\/revisions"}],"wp:attachment":[{"href":"https:\/\/linitiative.ca\/International\/wp-json\/wp\/v2\/media?parent=123756"}],"wp:term":[{"taxonomy":"category","embeddable":true,"href":"https:\/\/linitiative.ca\/International\/wp-json\/wp\/v2\/categories?post=123756"},{"taxonomy":"post_tag","embeddable":true,"href":"https:\/\/linitiative.ca\/International\/wp-json\/wp\/v2\/tags?post=123756"}],"curies":[{"name":"wp","href":"https:\/\/api.w.org\/{rel}","templated":true}]}}