{"id":123758,"date":"2021-08-10T11:10:00","date_gmt":"2021-08-10T15:10:00","guid":{"rendered":"https:\/\/linitiative.ca\/International\/la-tunisie-prete-a-mettre-un-canadair-a-la-disposition-de-lalgerie\/"},"modified":"2021-08-10T11:10:00","modified_gmt":"2021-08-10T15:10:00","slug":"la-tunisie-prete-a-mettre-un-canadair-a-la-disposition-de-lalgerie","status":"publish","type":"post","link":"https:\/\/linitiative.ca\/International\/la-tunisie-prete-a-mettre-un-canadair-a-la-disposition-de-lalgerie\/","title":{"rendered":"La Tunisie pr\u00eate \u00e0 mettre un canadair \u00e0 la disposition de l\u2019Alg\u00e9rie"},"content":{"rendered":"<div>Le Pr\u00e9sident Abdelmadjid Tebboune a re\u00e7u, ce mardi, un appel t\u00e9l\u00e9phonique de la part de son homologue tunisien, Ka\u00efs Saied, qui lui a exprim\u00e9 \u00ab sa compassion et sa solidarit\u00e9 avec le peuple alg\u00e9rien \u00bb<\/div>\n<p>Auteur:<br \/>\n<a href=\"https:\/\/www.liberte-algerie.com\/actualite\/la-tunisie-prete-a-mettre-un-canadair-a-la-disposition-de-lalgerie-363178\">Cliquez ici pour lire l&rsquo;article depuis sa source.<\/a><\/p>\n","protected":false},"excerpt":{"rendered":"<p>Le Pr\u00e9sident Abdelmadjid Tebboune a re\u00e7u, ce mardi, un appel t\u00e9l\u00e9phonique de la part de son homologue tunisien, Ka\u00efs Saied, qui lui a exprim\u00e9 \u00ab sa compassion et sa solidarit\u00e9 avec le peuple alg\u00e9rien \u00bb Auteur: Cliquez ici pour lire l&rsquo;article depuis sa source.<\/p>\n","protected":false},"author":1742,"featured_media":0,"comment_status":"closed","ping_status":"closed","sticky":false,"template":"","format":"standard","meta":{"fifu_image_url":"","fifu_image_alt":"","footnotes":""},"categories":[73,53],"tags":[],"class_list":["post-123758","post","type-post","status-publish","format-standard","hentry","category-actualite","category-algerie"],"_links":{"self":[{"href":"https:\/\/linitiative.ca\/International\/wp-json\/wp\/v2\/posts\/123758","targetHints":{"allow":["GET"]}}],"collection":[{"href":"https:\/\/linitiative.ca\/International\/wp-json\/wp\/v2\/posts"}],"about":[{"href":"https:\/\/linitiative.ca\/International\/wp-json\/wp\/v2\/types\/post"}],"author":[{"embeddable":true,"href":"https:\/\/linitiative.ca\/International\/wp-json\/wp\/v2\/users\/1742"}],"replies":[{"embeddable":true,"href":"https:\/\/linitiative.ca\/International\/wp-json\/wp\/v2\/comments?post=123758"}],"version-history":[{"count":0,"href":"https:\/\/linitiative.ca\/International\/wp-json\/wp\/v2\/posts\/123758\/revisions"}],"wp:attachment":[{"href":"https:\/\/linitiative.ca\/International\/wp-json\/wp\/v2\/media?parent=123758"}],"wp:term":[{"taxonomy":"category","embeddable":true,"href":"https:\/\/linitiative.ca\/International\/wp-json\/wp\/v2\/categories?post=123758"},{"taxonomy":"post_tag","embeddable":true,"href":"https:\/\/linitiative.ca\/International\/wp-json\/wp\/v2\/tags?post=123758"}],"curies":[{"name":"wp","href":"https:\/\/api.w.org\/{rel}","templated":true}]}}