{"id":123759,"date":"2021-08-10T12:00:00","date_gmt":"2021-08-10T16:00:00","guid":{"rendered":"https:\/\/linitiative.ca\/International\/un-mort-et-plus-de-80-ha-ravages-par-les-flammes-a-setif\/"},"modified":"2021-08-10T12:00:00","modified_gmt":"2021-08-10T16:00:00","slug":"un-mort-et-plus-de-80-ha-ravages-par-les-flammes-a-setif","status":"publish","type":"post","link":"https:\/\/linitiative.ca\/International\/un-mort-et-plus-de-80-ha-ravages-par-les-flammes-a-setif\/","title":{"rendered":"Un mort et plus de 80 ha ravag\u00e9s par les flammes \u00e0 S\u00e9tif"},"content":{"rendered":"<div>Les feux de for\u00eat, qui se sont d\u00e9clar\u00e9s dans la nuit de lundi \u00e0 mardi, dans la wilaya de S\u00e9tif, et qui ont caus\u00e9 le d\u00e9c\u00e8s d\u2019un homme de 85 ans, ont ravag\u00e9 plus de 80 hectares de v\u00e9g\u00e9tation, selon le capitaine Ahmed Lamamra&#8230;<\/div>\n<p>Auteur:<br \/>\n<a href=\"https:\/\/www.liberte-algerie.com\/actualite\/un-mort-et-plus-de-80-ha-ravages-par-les-flammes-a-setif-363179\">Cliquez ici pour lire l&rsquo;article depuis sa source.<\/a><\/p>\n","protected":false},"excerpt":{"rendered":"<p>Les feux de for\u00eat, qui se sont d\u00e9clar\u00e9s dans la nuit de lundi \u00e0 mardi, dans la wilaya de S\u00e9tif, et qui ont caus\u00e9 le d\u00e9c\u00e8s d\u2019un homme de 85 ans, ont ravag\u00e9 plus de 80 hectares de v\u00e9g\u00e9tation, selon le capitaine Ahmed Lamamra&#8230; Auteur: Cliquez ici pour lire l&rsquo;article depuis sa source.<\/p>\n","protected":false},"author":1742,"featured_media":0,"comment_status":"closed","ping_status":"closed","sticky":false,"template":"","format":"standard","meta":{"fifu_image_url":"","fifu_image_alt":"","footnotes":""},"categories":[73,53],"tags":[],"class_list":["post-123759","post","type-post","status-publish","format-standard","hentry","category-actualite","category-algerie"],"_links":{"self":[{"href":"https:\/\/linitiative.ca\/International\/wp-json\/wp\/v2\/posts\/123759","targetHints":{"allow":["GET"]}}],"collection":[{"href":"https:\/\/linitiative.ca\/International\/wp-json\/wp\/v2\/posts"}],"about":[{"href":"https:\/\/linitiative.ca\/International\/wp-json\/wp\/v2\/types\/post"}],"author":[{"embeddable":true,"href":"https:\/\/linitiative.ca\/International\/wp-json\/wp\/v2\/users\/1742"}],"replies":[{"embeddable":true,"href":"https:\/\/linitiative.ca\/International\/wp-json\/wp\/v2\/comments?post=123759"}],"version-history":[{"count":0,"href":"https:\/\/linitiative.ca\/International\/wp-json\/wp\/v2\/posts\/123759\/revisions"}],"wp:attachment":[{"href":"https:\/\/linitiative.ca\/International\/wp-json\/wp\/v2\/media?parent=123759"}],"wp:term":[{"taxonomy":"category","embeddable":true,"href":"https:\/\/linitiative.ca\/International\/wp-json\/wp\/v2\/categories?post=123759"},{"taxonomy":"post_tag","embeddable":true,"href":"https:\/\/linitiative.ca\/International\/wp-json\/wp\/v2\/tags?post=123759"}],"curies":[{"name":"wp","href":"https:\/\/api.w.org\/{rel}","templated":true}]}}