{"id":123762,"date":"2021-08-10T07:52:33","date_gmt":"2021-08-10T11:52:33","guid":{"rendered":"https:\/\/linitiative.ca\/International\/vague-de-chaleur-avec-chergui-du-jeudi-au-lundi\/"},"modified":"2021-08-10T07:52:33","modified_gmt":"2021-08-10T11:52:33","slug":"vague-de-chaleur-avec-chergui-du-jeudi-au-lundi","status":"publish","type":"post","link":"https:\/\/linitiative.ca\/International\/vague-de-chaleur-avec-chergui-du-jeudi-au-lundi\/","title":{"rendered":"Vague de chaleur avec chergui du jeudi au lundi"},"content":{"rendered":"<div>\n<div style=\"margin-bottom:20px;\"><img loading=\"lazy\" decoding=\"async\" width=\"750\" height=\"430\" src=\"https:\/\/linitiative.ca\/International\/wp-content\/uploads\/sites\/23\/2021\/08\/soleil-2-1-1.jpg\" class=\"attachment-post-thumbnail size-post-thumbnail wp-post-image\" alt=\"\" srcset=\"https:\/\/linitiative.ca\/International\/wp-content\/uploads\/sites\/23\/2021\/08\/soleil-2-1-1.jpg 750w, http:\/\/www.mapmarrakech.ma\/map\/uploads\/2021\/08\/soleil-2-1-300x172.jpg 300w\" sizes=\"auto, (max-width: 750px) 100vw, 750px\"><\/div>\n<p>Ainsi, des temp\u00e9ratures variant entre 42 et 47\u00b0C concerneront, jeudi, les provinces de B\u00e9ni Mellal, Berkane, Boulemane, Chefchaouen, Driouch, El Hajeb, El Kelaa des Sraghna, Errachidia, F\u00e8s, Fquih Ben Saleh, Guercif, Jerada, Kh\u00e9nifra, Khouribga, Mekn\u00e8s, Moulay Yacoub, Nador, Ouezzane, Oujda-Angad, Sefrou, Settat, Sidi Kacem, Sidi Slimane, Taounate, Taourirt, Tata, Taza et Zagora, pr\u00e9cise le bulletin.<\/p>\n<p>Du vendredi au lundi, les temp\u00e9ratures oscilleront entre 42 et 45\u00b0C dans les provinces d\u2019Aousserd, Assa-Zag, Benslimane, Berrechid, Chichaoua, Es-Semara, Essaouira, K\u00e9nitra, Khemisset, Larache, Safi, Sidi Bennour, Youssoufia, Berkane, Boulemane, Chefchaouen, El Hajeb, Errachidia, Guercif, Jerada, Kh\u00e9nifra, Nador, Driouch, Ouezzane, Oujda-Angad, Sefrou, Taourirt, Taza et Zagora, a ajout\u00e9 la m\u00eame source.<\/p>\n<p>Durant la m\u00eame validit\u00e9, les provinces de Marrakech, Rehamna, Taroudant, Beni Mellal, El Kelaa des Sraghna, F\u00e8s, Fquih Ben Salah, Khouribga, Mekn\u00e8s, Moulay Yacoub, Settat, Sidi Kacem, Sidi Slimane, Taounate et Tata conna\u00eetront des temp\u00e9ratures variant entre 45 et 47\u00b0C, pr\u00e9cise la m\u00eame source.<\/p>\n<p>D\u2019autre part, des temp\u00e9ratures allant de 45 \u00e0 49\u00b0C sont attendues, du samedi au lundi, dans les provinces d\u2019Agadir-Ida-Ou Tanane, Boujdour, Chtouka-Ait Baha, Guelmim, Inezgane-Ait Melloul, Oued Ed-Dahab, Sidi Ifni, Tant-Tan et Tiznit, ajoute la DGM.<\/p>\n<p>Par ailleurs, le communiqu\u00e9 indique qu\u2019une hausse sensible des temp\u00e9ratures est pr\u00e9vue sur les plaines Atlantiques Nord \u00e0 partir du vendredi.<\/p>\n<p>The post <a rel=\"nofollow\" href=\"http:\/\/www.mapmarrakech.ma\/fr\/vague-de-chaleur-avec-chergui-du-jeudi-au-lundi\/\">Vague de chaleur avec chergui du jeudi au lundi<\/a> appeared first on <a rel=\"nofollow\" href=\"http:\/\/www.mapmarrakech.ma\/fr\">MapMarrakech<\/a>.<\/p>\n<\/div>\n<p>Auteur: Meriem IGASS<br \/>\n<a href=\"http:\/\/www.mapmarrakech.ma\/fr\/vague-de-chaleur-avec-chergui-du-jeudi-au-lundi\/\">Cliquez ici pour lire l&rsquo;article depuis sa source.<\/a><\/p>\n","protected":false},"excerpt":{"rendered":"<p>Ainsi, des temp\u00e9ratures variant entre 42 et 47\u00b0C concerneront, jeudi, les provinces de B\u00e9ni Mellal, Berkane, Boulemane, Chefchaouen, Driouch, El Hajeb, El Kelaa des Sraghna, Errachidia, F\u00e8s, Fquih Ben Saleh, Guercif, Jerada, Kh\u00e9nifra, Khouribga, Mekn\u00e8s, Moulay Yacoub, Nador, Ouezzane, Oujda-Angad, Sefrou, Settat, Sidi Kacem, Sidi Slimane, Taounate, Taourirt, Tata, Taza et Zagora, pr\u00e9cise le bulletin. [&hellip;]<\/p>\n","protected":false},"author":1788,"featured_media":0,"comment_status":"closed","ping_status":"closed","sticky":false,"template":"","format":"standard","meta":{"fifu_image_url":"http:\/\/www.mapmarrakech.ma\/map\/uploads\/2021\/08\/soleil-2-1.jpg","fifu_image_alt":"Vague de chaleur avec chergui du jeudi au lundi","footnotes":""},"categories":[54,76],"tags":[],"class_list":["post-123762","post","type-post","status-publish","format-standard","hentry","category-maroc","category-regions"],"_links":{"self":[{"href":"https:\/\/linitiative.ca\/International\/wp-json\/wp\/v2\/posts\/123762","targetHints":{"allow":["GET"]}}],"collection":[{"href":"https:\/\/linitiative.ca\/International\/wp-json\/wp\/v2\/posts"}],"about":[{"href":"https:\/\/linitiative.ca\/International\/wp-json\/wp\/v2\/types\/post"}],"author":[{"embeddable":true,"href":"https:\/\/linitiative.ca\/International\/wp-json\/wp\/v2\/users\/1788"}],"replies":[{"embeddable":true,"href":"https:\/\/linitiative.ca\/International\/wp-json\/wp\/v2\/comments?post=123762"}],"version-history":[{"count":0,"href":"https:\/\/linitiative.ca\/International\/wp-json\/wp\/v2\/posts\/123762\/revisions"}],"wp:attachment":[{"href":"https:\/\/linitiative.ca\/International\/wp-json\/wp\/v2\/media?parent=123762"}],"wp:term":[{"taxonomy":"category","embeddable":true,"href":"https:\/\/linitiative.ca\/International\/wp-json\/wp\/v2\/categories?post=123762"},{"taxonomy":"post_tag","embeddable":true,"href":"https:\/\/linitiative.ca\/International\/wp-json\/wp\/v2\/tags?post=123762"}],"curies":[{"name":"wp","href":"https:\/\/api.w.org\/{rel}","templated":true}]}}