{"id":123764,"date":"2021-08-10T12:04:41","date_gmt":"2021-08-10T16:04:41","guid":{"rendered":"https:\/\/linitiative.ca\/International\/rencontre-sur-lapport-de-la-communaute-etablie-a-letranger\/"},"modified":"2021-08-10T12:04:41","modified_gmt":"2021-08-10T16:04:41","slug":"rencontre-sur-lapport-de-la-communaute-etablie-a-letranger","status":"publish","type":"post","link":"https:\/\/linitiative.ca\/International\/rencontre-sur-lapport-de-la-communaute-etablie-a-letranger\/","title":{"rendered":"Rencontre sur l\u2019apport de la communaut\u00e9 \u00e9tablie \u00e0 l\u2019\u00e9tranger"},"content":{"rendered":"<div>\n<div style=\"margin-bottom:20px;\"><img loading=\"lazy\" decoding=\"async\" width=\"750\" height=\"430\" src=\"https:\/\/linitiative.ca\/International\/wp-content\/uploads\/sites\/23\/2021\/08\/mesures-aC3A9roport-Essaouira-copier.jpg\" class=\"attachment-post-thumbnail size-post-thumbnail wp-post-image\" alt=\"\" srcset=\"https:\/\/linitiative.ca\/International\/wp-content\/uploads\/sites\/23\/2021\/08\/mesures-aC3A9roport-Essaouira-copier.jpg 750w, http:\/\/www.mapmarrakech.ma\/map\/uploads\/2021\/08\/mesures-a\u00e9roport-Essaouira-copier-300x172.jpg 300w\" sizes=\"auto, (max-width: 750px) 100vw, 750px\"><\/div>\n<p>Initi\u00e9e par la pr\u00e9fecture de la province, cette rencontre \u00e0 laquelle ont pris part des Marocains r\u00e9sidant \u00e0 l\u2019\u00e9tranger et des chefs des services ext\u00e9rieurs, a \u00e9t\u00e9 l\u2019occasion de consolider davantage les liens des Marocains du monde avec la m\u00e8re-patrie, de mettre en exergue leur apport consid\u00e9rable \u00e0 la dynamique du d\u00e9veloppement du Royaume et de discuter de leurs diff\u00e9rentes attentes.<\/p>\n<p>Cette rencontre avait \u00e9galement pour objectifs de jeter des passerelles de dialogue et d\u2019\u00e9change avec les MRE issus de la province d\u2019Essaouira, le but ultime \u00e9tant de prendre mieux connaissance de leurs attentes et aspirations et d\u2019apporter des r\u00e9ponses appropri\u00e9es \u00e0 leurs pr\u00e9occupations et requ\u00eates dans les diff\u00e9rents domaines.<\/p>\n<p>Dans un mot de circonstance, le gouverneur de la province d\u2019Essaouira, M. Adil El Maliki, a not\u00e9 que la c\u00e9l\u00e9bration de cette journ\u00e9e nationale, institu\u00e9e par SM le Roi Mohammed VI, intervient pour la deuxi\u00e8me ann\u00e9e cons\u00e9cutive dans le contexte exceptionnel de la pand\u00e9mie de la Covid-19, soulignant que les autorit\u00e9s provinciales et locales ainsi que les services ext\u00e9rieurs demeurent toujours \u00e0 l\u2019\u00e9coute, active et effective, des Marocains du monde.<\/p>\n<p>M. El Maliki a, dans la foul\u00e9e, mis en avant la noble initiative du Souverain visant \u00e0 faciliter le retour au pays des MRE \u00e0 des prix abordables et dans de bonnes conditions, affirmant que ce geste Royal incarne la Haute sollicitude et bienveillance dont le Souverain ne cesse d\u2019entourer les membres de la communaut\u00e9 marocaine \u00e0 l\u2019\u00e9tranger et traduit l\u2019attachement immuable de SM le Roi \u00e0 la protection des droits et int\u00e9r\u00eats des Marocains du monde et au renforcement de leurs liens solides avec la m\u00e8re-patrie.<\/p>\n<p>Le gouverneur n\u2019a pas manqu\u00e9 d\u2019appeler les MRE \u00e0 adh\u00e9rer \u00e0 la mise en \u0153uvre du nouveau mod\u00e8le du d\u00e9veloppement qui n\u00e9cessite la mobilisation de toutes les comp\u00e9tences et \u00e9nergies.<\/p>\n<p>Il a aussi saisi l\u2019occasion pour mettre en avant les efforts d\u00e9ploy\u00e9s par le Royaume dans la riposte efficace \u00e0 la pand\u00e9mie de la Covid-19, et les r\u00e9alisations tangibles accomplies par le Maroc dans ce sens, notamment \u00e0 travers la vaste campagne de vaccination, appelant dans ce cadre les diff\u00e9rentes cat\u00e9gories concern\u00e9es \u00e0 se faire vacciner afin d\u2019atteindre l\u2019immunit\u00e9 collective souhait\u00e9e.<\/p>\n<p>M. El Maliki a, en outre, tenu \u00e0 rassurer que la situation \u00e9pid\u00e9miologique demeure sous contr\u00f4le dans la province d\u2019Essaouira, gr\u00e2ce \u00e0 la mobilisation constante et le suivi rigoureux assur\u00e9s par les autorit\u00e9s comp\u00e9tentes, tous corps confondus, relevant que le nombre de personnes vaccin\u00e9es au niveau de cette partie du territoire national a atteint 200.000 habitants.<\/p>\n<p>Il a, par ailleurs, fait savoir que le nouveau plan d\u2019am\u00e9nagement de la Cit\u00e9 des Aliz\u00e9s a \u00e9t\u00e9 finalis\u00e9 et sera publi\u00e9 dans les prochains jours dans le Bulletin Officiel, tout en jetant la lumi\u00e8re sur certains projets phares qui seront r\u00e9alis\u00e9s \u00e0 l\u2019\u00e9chelle de la province, notamment la zone d\u2019activit\u00e9s \u00e9conomiques et le projet \u00e9co-touristique de Sidi Kaouki.<\/p>\n<p>Pour leur part, des membres de la communaut\u00e9 souirie \u00e9tablie \u00e0 l\u2019\u00e9tranger ont exprim\u00e9 leur profonde gratitude et leur fiert\u00e9 suite \u00e0 l\u2019initiative Royale de faciliter le retour au pays des MRE \u00e0 des prix abordables et dans de bonnes conditions<\/p>\n<p>Un geste Royal qui restera grav\u00e9 \u00e0 jamais dans leurs m\u00e9moires, ont-ils soutenu, tout en se f\u00e9licitant de la dynamique multidimensionnelle de d\u00e9veloppement que conna\u00eet la province d\u2019Essaouira \u00e0 travers une panoplie de chantiers et de projets programm\u00e9s ou en cours de r\u00e9alisation.<\/p>\n<p>Cette rencontre a \u00e9t\u00e9 ponctu\u00e9e de trois expos\u00e9s exhaustifs pr\u00e9sent\u00e9s par les Directions provinciales de l\u2019Agriculture et de l\u2019Habitat et de la politique de la ville, ainsi que par la Division de l\u2019Action sociale (DAS) relevant de la pr\u00e9fecture.<\/p>\n<p>Ils ont \u00e9t\u00e9 ax\u00e9s respectivement sur les r\u00e9alisations accumul\u00e9es par le Plan Maroc Vert dans la province et les projets et perspectives de d\u00e9veloppement dans le cadre de la nouvelle strat\u00e9gie \u00ab\u00a0G\u00e9n\u00e9ration Green 2020-2030\u00a0\u00bb, les interventions du d\u00e9partement de l\u2019habitat et de la politique de la ville \u00e0 l\u2019\u00e9chelle provinciale, avec un focus sur le programme compl\u00e9mentaire de r\u00e9habilitation et de mise en valeur de l\u2019ancienne m\u00e9dina, ainsi que sur les performances r\u00e9alis\u00e9es dans le cadre de la phase III de l\u2019Initiative nationale pour le D\u00e9veloppement humain.<\/p>\n<p>The post <a rel=\"nofollow\" href=\"http:\/\/www.mapmarrakech.ma\/fr\/rencontre-sur-lapport-de-la-communaute-souirie-etablie-a-letranger\/\">Rencontre sur l\u2019apport de la communaut\u00e9 \u00e9tablie \u00e0 l\u2019\u00e9tranger<\/a> appeared first on <a rel=\"nofollow\" href=\"http:\/\/www.mapmarrakech.ma\/fr\">MapMarrakech<\/a>.<\/p>\n<\/div>\n<p>Auteur: Meriem IGASS<br \/>\n<a href=\"http:\/\/www.mapmarrakech.ma\/fr\/rencontre-sur-lapport-de-la-communaute-souirie-etablie-a-letranger\/\">Cliquez ici pour lire l&rsquo;article depuis sa source.<\/a><\/p>\n","protected":false},"excerpt":{"rendered":"<p>Initi\u00e9e par la pr\u00e9fecture de la province, cette rencontre \u00e0 laquelle ont pris part des Marocains r\u00e9sidant \u00e0 l\u2019\u00e9tranger et des chefs des services ext\u00e9rieurs, a \u00e9t\u00e9 l\u2019occasion de consolider davantage les liens des Marocains du monde avec la m\u00e8re-patrie, de mettre en exergue leur apport consid\u00e9rable \u00e0 la dynamique du d\u00e9veloppement du Royaume et [&hellip;]<\/p>\n","protected":false},"author":1788,"featured_media":0,"comment_status":"closed","ping_status":"closed","sticky":false,"template":"","format":"standard","meta":{"fifu_image_url":"http:\/\/www.mapmarrakech.ma\/map\/uploads\/2021\/08\/mesures-a\u00e9roport-Essaouira-copier.jpg","fifu_image_alt":"Rencontre sur l\u2019apport de la communaut\u00e9 \u00e9tablie \u00e0 l\u2019\u00e9tranger","footnotes":""},"categories":[54,76],"tags":[],"class_list":["post-123764","post","type-post","status-publish","format-standard","hentry","category-maroc","category-regions"],"_links":{"self":[{"href":"https:\/\/linitiative.ca\/International\/wp-json\/wp\/v2\/posts\/123764","targetHints":{"allow":["GET"]}}],"collection":[{"href":"https:\/\/linitiative.ca\/International\/wp-json\/wp\/v2\/posts"}],"about":[{"href":"https:\/\/linitiative.ca\/International\/wp-json\/wp\/v2\/types\/post"}],"author":[{"embeddable":true,"href":"https:\/\/linitiative.ca\/International\/wp-json\/wp\/v2\/users\/1788"}],"replies":[{"embeddable":true,"href":"https:\/\/linitiative.ca\/International\/wp-json\/wp\/v2\/comments?post=123764"}],"version-history":[{"count":0,"href":"https:\/\/linitiative.ca\/International\/wp-json\/wp\/v2\/posts\/123764\/revisions"}],"wp:attachment":[{"href":"https:\/\/linitiative.ca\/International\/wp-json\/wp\/v2\/media?parent=123764"}],"wp:term":[{"taxonomy":"category","embeddable":true,"href":"https:\/\/linitiative.ca\/International\/wp-json\/wp\/v2\/categories?post=123764"},{"taxonomy":"post_tag","embeddable":true,"href":"https:\/\/linitiative.ca\/International\/wp-json\/wp\/v2\/tags?post=123764"}],"curies":[{"name":"wp","href":"https:\/\/api.w.org\/{rel}","templated":true}]}}