{"id":123766,"date":"2021-08-10T12:31:57","date_gmt":"2021-08-10T16:31:57","guid":{"rendered":"https:\/\/linitiative.ca\/International\/rencontre-de-communication-a-loccasion-de-la-journee-du-migrant\/"},"modified":"2021-08-10T12:31:57","modified_gmt":"2021-08-10T16:31:57","slug":"rencontre-de-communication-a-loccasion-de-la-journee-du-migrant","status":"publish","type":"post","link":"https:\/\/linitiative.ca\/International\/rencontre-de-communication-a-loccasion-de-la-journee-du-migrant\/","title":{"rendered":"Rencontre de communication \u00e0 l\u2019occasion de la Journ\u00e9e du migrant"},"content":{"rendered":"<div>\n<div style=\"margin-bottom:20px;\"><img loading=\"lazy\" decoding=\"async\" width=\"750\" height=\"430\" src=\"https:\/\/linitiative.ca\/International\/wp-content\/uploads\/sites\/23\/2021\/08\/jemaa-el-fna-copier-1.jpg\" class=\"attachment-post-thumbnail size-post-thumbnail wp-post-image\" alt=\"\" srcset=\"https:\/\/linitiative.ca\/International\/wp-content\/uploads\/sites\/23\/2021\/08\/jemaa-el-fna-copier-1.jpg 750w, http:\/\/www.mapmarrakech.ma\/map\/uploads\/2021\/07\/jemaa-el-fna-copier-1-300x172.jpg 300w\" sizes=\"auto, (max-width: 750px) 100vw, 750px\"><\/div>\n<p>Tenue en pr\u00e9sence du wali de la r\u00e9gion Marrakech-Safi, gouverneur de la pr\u00e9fecture de Marrakech, M. Karim-Kassi-Lahlou, cette rencontre a \u00e9t\u00e9 l\u2019occasion de mettre en exergue la contribution des MRE dans le d\u00e9veloppement de leur pays et leur adh\u00e9sion pour la mise en \u0153uvre du nouveau mod\u00e8le de d\u00e9veloppement (NMD).<\/p>\n<p>Intervenant \u00e0 cette occasion, M. Kassi-Lahlou a soulign\u00e9 que la c\u00e9l\u00e9bration de cette journ\u00e9e t\u00e9moigne de la Haute Sollicitude dont SM le Roi Mohammed VI ne cesse d\u2019entourer les MRE, traduite cette ann\u00e9e par la d\u00e9cision Royale de faciliter le retour des membres de cette communaut\u00e9\u00a0au pays \u00e0 des prix raisonnables, ainsi que l\u2019appel du Souverain \u00e0 tous les op\u00e9rateurs du tourisme \u00e0 prendre les dispositions n\u00e9cessaires afin d\u2019accueillir les membres de la communaut\u00e9 marocaine r\u00e9sidant \u00e0 l\u2019\u00e9tranger dans les meilleures conditions et aux meilleurs prix.<\/p>\n<p>Cette d\u00e9cision humanitaire profond\u00e9ment significative a \u00e9t\u00e9 re\u00e7ue avec beaucoup de consid\u00e9ration et de fiert\u00e9 par les membres de la communaut\u00e9 marocaine \u00e9tablie \u00e0 l\u2019\u00e9tranger et leurs familles, a-t-il relev\u00e9.<\/p>\n<p>Dans ce contexte, le responsable territorial a mis en avant la contribution essentielle des MRE dans le rayonnement du Maroc \u00e0 l\u2019international, le d\u00e9veloppement de leur pays d\u2019origine et la mise en \u0153uvre des grands chantiers nationaux, ajoutant que la c\u00e9l\u00e9bration de cette journ\u00e9e traduit une prise de conscience des autorit\u00e9s publiques des comp\u00e9tences marocaines \u00e0 l\u2019\u00e9tranger dans tous les domaines et leur engagement \u00e0 partager et faire profiter leur pays de cette expertise.<\/p>\n<p>Dans ce cadre, M. Kassi-Lahlou a mis en relief le r\u00f4le essentiel des comp\u00e9tences marocaines \u00e0 l\u2019\u00e9tranger dans l\u2019\u00e9laboration du rapport g\u00e9n\u00e9ral de la Commission Sp\u00e9ciale sur le Mod\u00e8le de D\u00e9veloppement, qui a consacr\u00e9 une partie enti\u00e8re \u00e0 la communaut\u00e9 marocaine \u00e9tablie \u00e0 l\u2019\u00e9tranger.<\/p>\n<p>Tout en pr\u00e9sentant les atouts de la r\u00e9gion Marrakech-Safi, le responsable territorial a appel\u00e9 les MRE \u00e0 investir dans leur pays et cette r\u00e9gion, qui a occup\u00e9 en 2020 la premi\u00e8re position au niveau national en termes de cr\u00e9ation des entreprises (6300 entreprises cr\u00e9\u00e9es) devant Casablanca-Settat, la premi\u00e8re r\u00e9gion \u00e9conomique du Maroc.<\/p>\n<p>Cette position \u00e9conomique \u00e9minente de la r\u00e9gion est le fruit d\u2019efforts consentis par tous les intervenants et op\u00e9rateurs \u00e9conomiques, dont le Centre r\u00e9gional d\u2019investissement (CRI), en termes d\u2019accompagnement des entreprises \u00e0 travers notamment l\u2019expertise technique, le soutien financier et la formation, a-t-il expliqu\u00e9.<\/p>\n<p>Lors de cette rencontre, le Chef de la division des affaires \u00e9conomiques et de la coordination de la Wilaya de la r\u00e9gion Marrakech-Safi, M. Abdessadek El Alem, a pr\u00e9sent\u00e9 les grandes lignes du Rapport g\u00e9n\u00e9ral de la Commission Sp\u00e9ciale sur le Mod\u00e8le de D\u00e9veloppement en mettant l\u2019accent en particulier sur la contribution des MRE dans l\u2019\u00e9laboration de ce document strat\u00e9gique, ainsi que les propositions et recommandations du rapport concernant la communaut\u00e9 marocaine \u00e9tablie \u00e0 l\u2019\u00e9tranger.<\/p>\n<p>Dans ce contexte, M. El Alem a soulign\u00e9 que le NMD accorde une place de choix aux Marocains du Monde, qui constituent une force et un atout pr\u00e9cieux dans le processus de d\u00e9veloppement du pays.<\/p>\n<p>Cette rencontre a \u00e9t\u00e9 l\u2019occasion de mettre le point sur les aspirations et attentes de cette cat\u00e9gorie de citoyens, notamment dans le cadre des transformations et d\u00e9fis actuels et futurs du Maroc.<\/p>\n<p>Elle a offert l\u2019opportunit\u00e9 pour les MRE de r\u00e9it\u00e9rer leur gratitude \u00e0 SM le Roi Mohammed VI pour Son geste humanitaire envers la communaut\u00e9 marocaine \u00e9tablie \u00e0 l\u2019\u00e9tranger, ainsi que leur adh\u00e9sion pour la mise en \u0153uvre du nouveau mod\u00e8le de d\u00e9veloppement.<\/p>\n<p>Ils ont \u00e9galement exprim\u00e9 leur engagement constant \u00e0 d\u00e9fendre l\u2019int\u00e9grit\u00e9 territoriale du Royaume dans leurs pays d\u2019accueil et \u00e0 appuyer le processus de d\u00e9veloppement tous azimuts que connait le Royaume.<\/p>\n<p>La c\u00e9l\u00e9bration de la Journ\u00e9e nationale du Migrant, approuv\u00e9e par SM le Roi Mohammed VI en 2003, intervient en incarnation de la Haute sollicitude dont b\u00e9n\u00e9ficient les MRE, et a pour objectifs de construire des ponts de communication avec cette cat\u00e9gorie de citoyens marocains et d\u2019explorer les moyens \u00e0 m\u00eame de renforcer leur apport aux diff\u00e9rents chantiers de d\u00e9veloppement dans le Royaume.<\/p>\n<p>The post <a rel=\"nofollow\" href=\"http:\/\/www.mapmarrakech.ma\/fr\/rencontre-de-communication-a-loccasion-de-la-journee-nationale-du-migrant\/\">Rencontre de communication \u00e0 l\u2019occasion de la Journ\u00e9e du migrant<\/a> appeared first on <a rel=\"nofollow\" href=\"http:\/\/www.mapmarrakech.ma\/fr\">MapMarrakech<\/a>.<\/p>\n<\/div>\n<p>Auteur: Meriem IGASS<br \/>\n<a href=\"http:\/\/www.mapmarrakech.ma\/fr\/rencontre-de-communication-a-loccasion-de-la-journee-nationale-du-migrant\/\">Cliquez ici pour lire l&rsquo;article depuis sa source.<\/a><\/p>\n","protected":false},"excerpt":{"rendered":"<p>Tenue en pr\u00e9sence du wali de la r\u00e9gion Marrakech-Safi, gouverneur de la pr\u00e9fecture de Marrakech, M. Karim-Kassi-Lahlou, cette rencontre a \u00e9t\u00e9 l\u2019occasion de mettre en exergue la contribution des MRE dans le d\u00e9veloppement de leur pays et leur adh\u00e9sion pour la mise en \u0153uvre du nouveau mod\u00e8le de d\u00e9veloppement (NMD). Intervenant \u00e0 cette occasion, M. [&hellip;]<\/p>\n","protected":false},"author":1788,"featured_media":0,"comment_status":"closed","ping_status":"closed","sticky":false,"template":"","format":"standard","meta":{"fifu_image_url":"http:\/\/www.mapmarrakech.ma\/map\/uploads\/2021\/07\/jemaa-el-fna-copier-1.jpg","fifu_image_alt":"Rencontre de communication \u00e0 l\u2019occasion de la Journ\u00e9e du migrant","footnotes":""},"categories":[54,76],"tags":[],"class_list":["post-123766","post","type-post","status-publish","format-standard","hentry","category-maroc","category-regions"],"_links":{"self":[{"href":"https:\/\/linitiative.ca\/International\/wp-json\/wp\/v2\/posts\/123766","targetHints":{"allow":["GET"]}}],"collection":[{"href":"https:\/\/linitiative.ca\/International\/wp-json\/wp\/v2\/posts"}],"about":[{"href":"https:\/\/linitiative.ca\/International\/wp-json\/wp\/v2\/types\/post"}],"author":[{"embeddable":true,"href":"https:\/\/linitiative.ca\/International\/wp-json\/wp\/v2\/users\/1788"}],"replies":[{"embeddable":true,"href":"https:\/\/linitiative.ca\/International\/wp-json\/wp\/v2\/comments?post=123766"}],"version-history":[{"count":0,"href":"https:\/\/linitiative.ca\/International\/wp-json\/wp\/v2\/posts\/123766\/revisions"}],"wp:attachment":[{"href":"https:\/\/linitiative.ca\/International\/wp-json\/wp\/v2\/media?parent=123766"}],"wp:term":[{"taxonomy":"category","embeddable":true,"href":"https:\/\/linitiative.ca\/International\/wp-json\/wp\/v2\/categories?post=123766"},{"taxonomy":"post_tag","embeddable":true,"href":"https:\/\/linitiative.ca\/International\/wp-json\/wp\/v2\/tags?post=123766"}],"curies":[{"name":"wp","href":"https:\/\/api.w.org\/{rel}","templated":true}]}}