{"id":123768,"date":"2021-08-09T18:18:02","date_gmt":"2021-08-09T22:18:02","guid":{"rendered":"https:\/\/linitiative.ca\/International\/maroc-la-croissance-de-leconomie-sera-la-plus-rapide-en-afrique-en-2021\/"},"modified":"2021-08-09T18:18:02","modified_gmt":"2021-08-09T22:18:02","slug":"maroc-la-croissance-de-leconomie-sera-la-plus-rapide-en-afrique-en-2021","status":"publish","type":"post","link":"https:\/\/linitiative.ca\/International\/maroc-la-croissance-de-leconomie-sera-la-plus-rapide-en-afrique-en-2021\/","title":{"rendered":"Maroc: La croissance de l\u2019\u00e9conomie sera la plus rapide en Afrique en 2021"},"content":{"rendered":"<div>\n<div style=\"margin-bottom:20px;\"><img loading=\"lazy\" decoding=\"async\" width=\"750\" height=\"430\" src=\"https:\/\/linitiative.ca\/International\/wp-content\/uploads\/sites\/23\/2021\/08\/Drapeau-Marocain-750C397430-MAP.jpg\" class=\"attachment-post-thumbnail size-post-thumbnail wp-post-image\" alt=\"\" srcset=\"https:\/\/linitiative.ca\/International\/wp-content\/uploads\/sites\/23\/2021\/08\/Drapeau-Marocain-750C397430-MAP.jpg 750w, http:\/\/www.mapoujda.ma\/map\/uploads\/2021\/08\/Drapeau-Marocain-750\u00d7430-MAP-300x172.jpg 300w\" sizes=\"auto, (max-width: 750px) 100vw, 750px\"><\/div>\n<p style=\"text-align: justify;\">Le Maroc, \u00ab qui progresse \u00e0 des pas de g\u00e9ant \u00bb, figure en t\u00eate des cinq \u00e9conomies qui connaitront les taux de croissance les plus rapides en Afrique en 2021, a soulign\u00e9 lundi Global Data, une soci\u00e9t\u00e9 internationale de conseil et d\u2019analyse de donn\u00e9es dans son dernier rapport.<\/p>\n<p style=\"text-align: justify;\">Global Data table sur une croissance de 5,19% pour le Royaume, soit le taux le plus \u00e9lev\u00e9 \u00e0 l\u2019\u00e9chelle continentale en 2021.<\/p>\n<p style=\"text-align: justify;\">Pour Gargi Rao, analyste de recherche \u00e9conomique chez GlobalData, cit\u00e9 dans le rapport, \u00ab le Maroc a progress\u00e9 \u00e0 pas de g\u00e9ant ces derni\u00e8res ann\u00e9es \u00bb. L\u2019expert qui met en avant les performances agricoles du Royaume, rel\u00e8ve que \u00ab la croissance attendue du Maroc de 5,19 % b\u00e9n\u00e9ficiera \u00e9galement de la campagne de vaccination efficace, des politiques mon\u00e9taires accommodantes et des incitations fiscales\u00bb.<\/p>\n<p style=\"text-align: justify;\">Le rapport de GlobalData rappelle, par ailleurs, que l\u2019\u00e9conomie africaine, apr\u00e8s avoir connu sa pire r\u00e9cession en un demi-si\u00e8cle en 2020, devrait cro\u00eetre \u00e0 un rythme de 3,8% en 2021.<\/p>\n<p>L\u2019article <a rel=\"nofollow\" href=\"http:\/\/www.mapoujda.ma\/fr\/maroc-la-croissance-de-leconomie-sera-la-plus-rapide-en-afrique-en-2021\/\">Maroc: La croissance de l\u2019\u00e9conomie sera la plus rapide en Afrique en 2021<\/a> est apparu en premier sur <a rel=\"nofollow\" href=\"http:\/\/www.mapoujda.ma\/fr\">MapOujda<\/a>.<\/p>\n<\/div>\n<p>Auteur: Soufiane ELAHMAR<br \/>\n<a href=\"http:\/\/www.mapoujda.ma\/fr\/maroc-la-croissance-de-leconomie-sera-la-plus-rapide-en-afrique-en-2021\/\">Cliquez ici pour lire l&rsquo;article depuis sa source.<\/a><\/p>\n","protected":false},"excerpt":{"rendered":"<p>Le Maroc, \u00ab qui progresse \u00e0 des pas de g\u00e9ant \u00bb, figure en t\u00eate des cinq \u00e9conomies qui connaitront les taux de croissance les plus rapides en Afrique en 2021, a soulign\u00e9 lundi Global Data, une soci\u00e9t\u00e9 internationale de conseil et d\u2019analyse de donn\u00e9es dans son dernier rapport. Global Data table sur une croissance de [&hellip;]<\/p>\n","protected":false},"author":1788,"featured_media":0,"comment_status":"closed","ping_status":"closed","sticky":false,"template":"","format":"standard","meta":{"fifu_image_url":"http:\/\/www.mapoujda.ma\/map\/uploads\/2021\/08\/Drapeau-Marocain-750\u00d7430-MAP.jpg","fifu_image_alt":"Maroc: La croissance de l\u2019\u00e9conomie sera la plus rapide en Afrique en 2021","footnotes":""},"categories":[54,76],"tags":[],"class_list":["post-123768","post","type-post","status-publish","format-standard","hentry","category-maroc","category-regions"],"_links":{"self":[{"href":"https:\/\/linitiative.ca\/International\/wp-json\/wp\/v2\/posts\/123768","targetHints":{"allow":["GET"]}}],"collection":[{"href":"https:\/\/linitiative.ca\/International\/wp-json\/wp\/v2\/posts"}],"about":[{"href":"https:\/\/linitiative.ca\/International\/wp-json\/wp\/v2\/types\/post"}],"author":[{"embeddable":true,"href":"https:\/\/linitiative.ca\/International\/wp-json\/wp\/v2\/users\/1788"}],"replies":[{"embeddable":true,"href":"https:\/\/linitiative.ca\/International\/wp-json\/wp\/v2\/comments?post=123768"}],"version-history":[{"count":0,"href":"https:\/\/linitiative.ca\/International\/wp-json\/wp\/v2\/posts\/123768\/revisions"}],"wp:attachment":[{"href":"https:\/\/linitiative.ca\/International\/wp-json\/wp\/v2\/media?parent=123768"}],"wp:term":[{"taxonomy":"category","embeddable":true,"href":"https:\/\/linitiative.ca\/International\/wp-json\/wp\/v2\/categories?post=123768"},{"taxonomy":"post_tag","embeddable":true,"href":"https:\/\/linitiative.ca\/International\/wp-json\/wp\/v2\/tags?post=123768"}],"curies":[{"name":"wp","href":"https:\/\/api.w.org\/{rel}","templated":true}]}}