{"id":123772,"date":"2021-08-10T09:14:29","date_gmt":"2021-08-10T13:14:29","guid":{"rendered":"https:\/\/linitiative.ca\/International\/nador-accueille-la-5eme-edition-de-la-semaine-verte\/"},"modified":"2021-08-10T09:14:29","modified_gmt":"2021-08-10T13:14:29","slug":"nador-accueille-la-5eme-edition-de-la-semaine-verte","status":"publish","type":"post","link":"https:\/\/linitiative.ca\/International\/nador-accueille-la-5eme-edition-de-la-semaine-verte\/","title":{"rendered":"Nador accueille la 5\u00e8me \u00e9dition de la Semaine Verte"},"content":{"rendered":"<div>\n<div style=\"margin-bottom:20px;\"><img loading=\"lazy\" decoding=\"async\" width=\"728\" height=\"430\" src=\"https:\/\/linitiative.ca\/International\/wp-content\/uploads\/sites\/23\/2021\/08\/Affiche-de-lC3A9vC3A9nement-a-semaine-verte-C3A0-Nador-750C397430-MAP.jpg\" class=\"attachment-post-thumbnail size-post-thumbnail wp-post-image\" alt=\"\" srcset=\"https:\/\/linitiative.ca\/International\/wp-content\/uploads\/sites\/23\/2021\/08\/Affiche-de-lC3A9vC3A9nement-a-semaine-verte-C3A0-Nador-750C397430-MAP.jpg 728w, http:\/\/www.mapoujda.ma\/map\/uploads\/2021\/08\/Affiche-de-l\u00e9v\u00e9nement-a-semaine-verte-\u00e0-Nador-750\u00d7430-MAP-300x177.jpg 300w, http:\/\/www.mapoujda.ma\/map\/uploads\/2021\/08\/Affiche-de-l\u00e9v\u00e9nement-a-semaine-verte-\u00e0-Nador-750\u00d7430-MAP-357x210.jpg 357w\" sizes=\"auto, (max-width: 728px) 100vw, 728px\"><\/div>\n<div>\n<p style=\"text-align: justify;\">La ville de Nador accueille la 5\u00e8me \u00e9dition de la Semaine Verte, organis\u00e9e par l\u2019Association Smile pour le d\u00e9veloppement durable sous le th\u00e8me \u00abLe Maroc et l\u2019efficacit\u00e9 \u00e9nerg\u00e9tique dans le continent africain\u00bb.<\/p>\n<p style=\"text-align: justify;\">Cette \u00e9dition, tenue dans plusieurs espaces de la ville de Nador et de ses environs dans le respect des mesures de pr\u00e9vention et de pr\u00e9caution contre la pand\u00e9mie de la Covid 19, vise \u00e0 mettre la lumi\u00e8re sur le leadership du Maroc au niveau du continent africain dans le domaine du d\u00e9veloppement des \u00e9nergies renouvelables.<\/p>\n<p style=\"text-align: justify;\">L\u2019\u00e9v\u00e8nement conna\u00eet aussi l\u2019organisation d\u2019hommage \u00e0 des acteurs de la soci\u00e9t\u00e9 civile et des entreprises actifs dans le d\u00e9veloppement et la promotion des \u00e9nergies renouvelables, en plus de la tenue d\u2019ateliers, activit\u00e9s de sensibilisation et sorties \u00e9ducatives sur ce th\u00e8me.<\/p>\n<p style=\"text-align: justify;\">Dans une d\u00e9claration \u00e0 la MAP, le pr\u00e9sident de l\u2019association Smile, Mohamed Amine Berjal, a indiqu\u00e9 que cet \u00e9v\u00e8nement, organis\u00e9 chaque ann\u00e9e, entend contribuer \u00e0 la promotion de l\u2019\u00e9conomie verte en tant que levier \u00e0 m\u00eame de r\u00e9aliser le d\u00e9veloppement escompt\u00e9 tout en pr\u00e9servant les ressources naturelles et le patrimoine \u00e9cologique.<\/p>\n<p style=\"text-align: justify;\">Ce forum est aussi une occasion pour \u00e9changer les exp\u00e9riences et les expertises entre chercheurs et acteurs int\u00e9ress\u00e9s par la question environnementale, et mettre la lumi\u00e8re sur les derni\u00e8res nouveaut\u00e9s dans ce domaine \u00e0 l\u2019\u00e9chelle nationale et internationale, a-t-il affirm\u00e9.<\/p>\n<p style=\"text-align: justify;\">De son c\u00f4t\u00e9, la responsable de cette cinqui\u00e8me \u00e9dition, Aicha Loujidi, a relev\u00e9 que l\u2019association organisatrice entend poursuivre ses efforts dans le domaine de l\u2019action environnementale en vue de promouvoir les \u00e9nergies renouvelables et l\u2019efficacit\u00e9 \u00e9nerg\u00e9tique et sensibiliser aux effets n\u00e9fastes de la pollution dans un contexte mondial marqu\u00e9 par le r\u00e9chauffement climatique.<\/p>\n<\/div>\n<p>L\u2019article <a rel=\"nofollow\" href=\"http:\/\/www.mapoujda.ma\/fr\/nador-accueille-la-5eme-edition-de-la-semaine-verte\/\">Nador accueille la 5\u00e8me \u00e9dition de la Semaine Verte<\/a> est apparu en premier sur <a rel=\"nofollow\" href=\"http:\/\/www.mapoujda.ma\/fr\">MapOujda<\/a>.<\/p>\n<\/div>\n<p>Auteur: Soufiane ELAHMAR<br \/>\n<a href=\"http:\/\/www.mapoujda.ma\/fr\/nador-accueille-la-5eme-edition-de-la-semaine-verte\/\">Cliquez ici pour lire l&rsquo;article depuis sa source.<\/a><\/p>\n","protected":false},"excerpt":{"rendered":"<p>La ville de Nador accueille la 5\u00e8me \u00e9dition de la Semaine Verte, organis\u00e9e par l\u2019Association Smile pour le d\u00e9veloppement durable sous le th\u00e8me \u00abLe Maroc et l\u2019efficacit\u00e9 \u00e9nerg\u00e9tique dans le continent africain\u00bb. Cette \u00e9dition, tenue dans plusieurs espaces de la ville de Nador et de ses environs dans le respect des mesures de pr\u00e9vention et [&hellip;]<\/p>\n","protected":false},"author":1788,"featured_media":0,"comment_status":"closed","ping_status":"closed","sticky":false,"template":"","format":"standard","meta":{"fifu_image_url":"http:\/\/www.mapoujda.ma\/map\/uploads\/2021\/08\/Affiche-de-l\u00e9v\u00e9nement-a-semaine-verte-\u00e0-Nador-750\u00d7430-MAP.jpg","fifu_image_alt":"Nador accueille la 5\u00e8me \u00e9dition de la Semaine Verte","footnotes":""},"categories":[54,76],"tags":[],"class_list":["post-123772","post","type-post","status-publish","format-standard","hentry","category-maroc","category-regions"],"_links":{"self":[{"href":"https:\/\/linitiative.ca\/International\/wp-json\/wp\/v2\/posts\/123772","targetHints":{"allow":["GET"]}}],"collection":[{"href":"https:\/\/linitiative.ca\/International\/wp-json\/wp\/v2\/posts"}],"about":[{"href":"https:\/\/linitiative.ca\/International\/wp-json\/wp\/v2\/types\/post"}],"author":[{"embeddable":true,"href":"https:\/\/linitiative.ca\/International\/wp-json\/wp\/v2\/users\/1788"}],"replies":[{"embeddable":true,"href":"https:\/\/linitiative.ca\/International\/wp-json\/wp\/v2\/comments?post=123772"}],"version-history":[{"count":0,"href":"https:\/\/linitiative.ca\/International\/wp-json\/wp\/v2\/posts\/123772\/revisions"}],"wp:attachment":[{"href":"https:\/\/linitiative.ca\/International\/wp-json\/wp\/v2\/media?parent=123772"}],"wp:term":[{"taxonomy":"category","embeddable":true,"href":"https:\/\/linitiative.ca\/International\/wp-json\/wp\/v2\/categories?post=123772"},{"taxonomy":"post_tag","embeddable":true,"href":"https:\/\/linitiative.ca\/International\/wp-json\/wp\/v2\/tags?post=123772"}],"curies":[{"name":"wp","href":"https:\/\/api.w.org\/{rel}","templated":true}]}}