{"id":123778,"date":"2021-08-10T08:57:33","date_gmt":"2021-08-10T12:57:33","guid":{"rendered":"https:\/\/linitiative.ca\/International\/trois-secousses-telluriques-a-driouch\/"},"modified":"2021-08-10T08:57:33","modified_gmt":"2021-08-10T12:57:33","slug":"trois-secousses-telluriques-a-driouch","status":"publish","type":"post","link":"https:\/\/linitiative.ca\/International\/trois-secousses-telluriques-a-driouch\/","title":{"rendered":"Trois secousses telluriques \u00e0 Driouch"},"content":{"rendered":"<div>\n<div class=\"field field-name-body field-type-text-with-summary field-label-hidden\">\n<div class=\"field-items\">\n<div class=\"field-item even\" property=\"content:encoded\">\n<p class=\"rtejustify\">Trois secousses telluriques de magnitudes comprises entre 3,7 et 3,9 degr\u00e9s sur l&rsquo;\u00e9chelle de Richter ont \u00e9t\u00e9 enregistr\u00e9es, mardi, dans la province de Driouch, a indiqu\u00e9 l&rsquo;Institut national de g\u00e9ophysique (ING).<\/p>\n<\/div>\n<\/div>\n<\/div>\n<\/div>\n<p>Auteur: hgueye<br \/>\n<a href=\"https:\/\/www.leconomiste.com\/flash-infos\/trois-secousses-telluriques-driouch\">Cliquez ici pour lire l&rsquo;article depuis sa source.<\/a><\/p>\n","protected":false},"excerpt":{"rendered":"<p>Trois secousses telluriques de magnitudes comprises entre 3,7 et 3,9 degr\u00e9s sur l&rsquo;\u00e9chelle de Richter ont \u00e9t\u00e9 enregistr\u00e9es, mardi, dans la province de Driouch, a indiqu\u00e9 l&rsquo;Institut national de g\u00e9ophysique (ING). Auteur: hgueye Cliquez ici pour lire l&rsquo;article depuis sa source.<\/p>\n","protected":false},"author":1763,"featured_media":0,"comment_status":"closed","ping_status":"closed","sticky":false,"template":"","format":"standard","meta":{"fifu_image_url":"","fifu_image_alt":"","footnotes":""},"categories":[78,54],"tags":[],"class_list":["post-123778","post","type-post","status-publish","format-standard","hentry","category-economie","category-maroc"],"_links":{"self":[{"href":"https:\/\/linitiative.ca\/International\/wp-json\/wp\/v2\/posts\/123778","targetHints":{"allow":["GET"]}}],"collection":[{"href":"https:\/\/linitiative.ca\/International\/wp-json\/wp\/v2\/posts"}],"about":[{"href":"https:\/\/linitiative.ca\/International\/wp-json\/wp\/v2\/types\/post"}],"author":[{"embeddable":true,"href":"https:\/\/linitiative.ca\/International\/wp-json\/wp\/v2\/users\/1763"}],"replies":[{"embeddable":true,"href":"https:\/\/linitiative.ca\/International\/wp-json\/wp\/v2\/comments?post=123778"}],"version-history":[{"count":0,"href":"https:\/\/linitiative.ca\/International\/wp-json\/wp\/v2\/posts\/123778\/revisions"}],"wp:attachment":[{"href":"https:\/\/linitiative.ca\/International\/wp-json\/wp\/v2\/media?parent=123778"}],"wp:term":[{"taxonomy":"category","embeddable":true,"href":"https:\/\/linitiative.ca\/International\/wp-json\/wp\/v2\/categories?post=123778"},{"taxonomy":"post_tag","embeddable":true,"href":"https:\/\/linitiative.ca\/International\/wp-json\/wp\/v2\/tags?post=123778"}],"curies":[{"name":"wp","href":"https:\/\/api.w.org\/{rel}","templated":true}]}}