{"id":123779,"date":"2021-08-10T11:10:36","date_gmt":"2021-08-10T15:10:36","guid":{"rendered":"https:\/\/linitiative.ca\/International\/covid-ce-quont-depense-les-pays-arabes-pour-la-relance\/"},"modified":"2021-08-10T11:10:36","modified_gmt":"2021-08-10T15:10:36","slug":"covid-ce-quont-depense-les-pays-arabes-pour-la-relance","status":"publish","type":"post","link":"https:\/\/linitiative.ca\/International\/covid-ce-quont-depense-les-pays-arabes-pour-la-relance\/","title":{"rendered":"Covid: Ce qu&rsquo;ont d\u00e9pens\u00e9 les pays arabes pour la relance"},"content":{"rendered":"<div>\n<div class=\"field field-name-body field-type-text-with-summary field-label-hidden\">\n<div class=\"field-items\">\n<div class=\"field-item even\" property=\"content:encoded\">\n<p class=\"rtejustify\">Les pays arabes ont investi pr\u00e8s de 344 milliards de dollars dans leurs\u00a0plans de relance adopt\u00e9s\u00a0depuis le d\u00e9but de la pand\u00e9mie jusqu&rsquo;au mois de juillet dernier. Plus de la moiti\u00e9 de ces d\u00e9penses (57%) a \u00e9t\u00e9 destin\u00e9e aux\u00a0mesures de soutien accord\u00e9es par les outils de la politique mon\u00e9taire, a annonc\u00e9 le Fonds mon\u00e9taire arabe (FMA).<\/p>\n<\/div>\n<\/div>\n<\/div>\n<\/div>\n<p>Auteur: hgueye<br \/>\n<a href=\"https:\/\/www.leconomiste.com\/flash-infos\/covid-ce-qu-ont-depense-les-pays-arabes-pour-la-relance\">Cliquez ici pour lire l&rsquo;article depuis sa source.<\/a><\/p>\n","protected":false},"excerpt":{"rendered":"<p>Les pays arabes ont investi pr\u00e8s de 344 milliards de dollars dans leurs\u00a0plans de relance adopt\u00e9s\u00a0depuis le d\u00e9but de la pand\u00e9mie jusqu&rsquo;au mois de juillet dernier. Plus de la moiti\u00e9 de ces d\u00e9penses (57%) a \u00e9t\u00e9 destin\u00e9e aux\u00a0mesures de soutien accord\u00e9es par les outils de la politique mon\u00e9taire, a annonc\u00e9 le Fonds mon\u00e9taire arabe (FMA). [&hellip;]<\/p>\n","protected":false},"author":1763,"featured_media":0,"comment_status":"closed","ping_status":"closed","sticky":false,"template":"","format":"standard","meta":{"fifu_image_url":"","fifu_image_alt":"","footnotes":""},"categories":[78,54],"tags":[],"class_list":["post-123779","post","type-post","status-publish","format-standard","hentry","category-economie","category-maroc"],"_links":{"self":[{"href":"https:\/\/linitiative.ca\/International\/wp-json\/wp\/v2\/posts\/123779","targetHints":{"allow":["GET"]}}],"collection":[{"href":"https:\/\/linitiative.ca\/International\/wp-json\/wp\/v2\/posts"}],"about":[{"href":"https:\/\/linitiative.ca\/International\/wp-json\/wp\/v2\/types\/post"}],"author":[{"embeddable":true,"href":"https:\/\/linitiative.ca\/International\/wp-json\/wp\/v2\/users\/1763"}],"replies":[{"embeddable":true,"href":"https:\/\/linitiative.ca\/International\/wp-json\/wp\/v2\/comments?post=123779"}],"version-history":[{"count":0,"href":"https:\/\/linitiative.ca\/International\/wp-json\/wp\/v2\/posts\/123779\/revisions"}],"wp:attachment":[{"href":"https:\/\/linitiative.ca\/International\/wp-json\/wp\/v2\/media?parent=123779"}],"wp:term":[{"taxonomy":"category","embeddable":true,"href":"https:\/\/linitiative.ca\/International\/wp-json\/wp\/v2\/categories?post=123779"},{"taxonomy":"post_tag","embeddable":true,"href":"https:\/\/linitiative.ca\/International\/wp-json\/wp\/v2\/tags?post=123779"}],"curies":[{"name":"wp","href":"https:\/\/api.w.org\/{rel}","templated":true}]}}