{"id":123786,"date":"2021-08-10T06:25:24","date_gmt":"2021-08-10T10:25:24","guid":{"rendered":"https:\/\/linitiative.ca\/International\/revision-a-la-hausse-de-lallocation-chomage-et-reforme-des-statuts-des-personnels-de-la-sante-les-promesses-de-abdelmadjid-tebboune\/"},"modified":"2021-08-10T06:25:24","modified_gmt":"2021-08-10T10:25:24","slug":"revision-a-la-hausse-de-lallocation-chomage-et-reforme-des-statuts-des-personnels-de-la-sante-les-promesses-de-abdelmadjid-tebboune","status":"publish","type":"post","link":"https:\/\/linitiative.ca\/International\/revision-a-la-hausse-de-lallocation-chomage-et-reforme-des-statuts-des-personnels-de-la-sante-les-promesses-de-abdelmadjid-tebboune\/","title":{"rendered":"R\u00e9vision \u00e0 la hausse de l\u2019allocation ch\u00f4mage et r\u00e9forme des statuts des personnels de la sant\u00e9 : Les promesses de Abdelmadjid Tebboune"},"content":{"rendered":"<div>\n<div class=\"sriret\"><img loading=\"lazy\" decoding=\"async\" width=\"800\" height=\"640\" src=\"https:\/\/linitiative.ca\/International\/wp-content\/uploads\/sites\/23\/2021\/08\/Tebboune.jpg\" class=\"attachment-featured_large size-featured_large wp-post-image\" alt=\"\" style=\"margin-bottom: 15px;\" srcset=\"https:\/\/linitiative.ca\/International\/wp-content\/uploads\/sites\/23\/2021\/08\/Tebboune.jpg 800w, https:\/\/www.elwatan.com\/wp-content\/uploads\/2020\/07\/Tebboune-300x240.jpg 300w, https:\/\/www.elwatan.com\/wp-content\/uploads\/2020\/07\/Tebboune-768x614.jpg 768w\" sizes=\"auto, (max-width: 800px) 100vw, 800px\"><\/div>\n<p>Le pr\u00e9sident, Abdelmadjid Tebboune, s\u2019est engag\u00e9, lors de l\u2019entrevue accord\u00e9e dimanche aux repr\u00e9sentants de m\u00e9dias nationaux, \u00e0 r\u00e9pondre favorablement aux revendications des professionnels de la sant\u00e9 qui ne cessent de r\u00e9clamer depuis des ann\u00e9es une r\u00e9vision de leur statut et le texte de loi sur le service civil.<\/p>\n<p>En premi\u00e8re ligne face \u00e0 la Covid-19, le personnel m\u00e9dical a perdu pas moins de 430 travailleurs depuis le d\u00e9but de la pand\u00e9mie, dont 266 m\u00e9decins. Un chiffre qui risque d\u2019\u00eatre revu \u00e0 la hausse puisque la troisi\u00e8me vague ne s\u2019essouffle toujours pas.<br \/>\nTebboune a d\u2019ailleurs tenu \u00e0 rendre hommage \u00e0 \u00abl\u2019arm\u00e9e blanche\u00bb et a salu\u00e9 son \u00abeffort\u00bb et ses \u00absacrifices\u00bb dans sa lutte contre le coronavirus. \u00abLa patrie doit \u00eatre \u00e0 vie reconnaissante \u00e0 l\u2019arm\u00e9e blanche pour tous les sacrifices qu\u2019elle fait actuellement, cela va de l\u2019ambulancier au m\u00e9decin en passant par l\u2019infirmier\u00bb, a-t-il soulign\u00e9. Il a, dans la foul\u00e9e, affirm\u00e9 sa d\u00e9termination \u00e0 r\u00e9viser tous les textes de loi r\u00e9gissant le secteur de la sant\u00e9. \u00abLes statuts des param\u00e9dicaux, des m\u00e9decins et la loi sur le service civil seront r\u00e9vis\u00e9s\u00bb, a-t-il promis.<\/p>\n<p>\u00a0<\/p>\n<p style=\"text-align: right;\">*Retrouvez l\u2019inte\u0301gralite\u0301 de nos articles sur la version papier<\/p>\n<p>\u00a0<\/p>\n<p>L\u2019article <a rel=\"nofollow\" href=\"https:\/\/www.elwatan.com\/edition\/actualite\/revision-a-la-hausse-de-lallocation-chomage-et-reforme-des-statuts-des-personnels-de-la-sante-les-promesses-de-abdelmadjid-tebboune-10-08-2021\">R\u00e9vision \u00e0 la hausse de l\u2019allocation ch\u00f4mage et r\u00e9forme des statuts des personnels de la sant\u00e9 : Les promesses de Abdelmadjid Tebboune<\/a> est apparu en premier sur <a rel=\"nofollow\" href=\"https:\/\/www.elwatan.com\/\">El Watan<\/a>.<\/p>\n<\/div>\n<p>Auteur: Hicham Chouadria<br \/>\n<a href=\"https:\/\/www.elwatan.com\/edition\/actualite\/revision-a-la-hausse-de-lallocation-chomage-et-reforme-des-statuts-des-personnels-de-la-sante-les-promesses-de-abdelmadjid-tebboune-10-08-2021\">Cliquez ici pour lire l&rsquo;article depuis sa source.<\/a><\/p>\n","protected":false},"excerpt":{"rendered":"<p>Le pr\u00e9sident, Abdelmadjid Tebboune, s\u2019est engag\u00e9, lors de l\u2019entrevue accord\u00e9e dimanche aux repr\u00e9sentants de m\u00e9dias nationaux, \u00e0 r\u00e9pondre favorablement aux revendications des professionnels de la sant\u00e9 qui ne cessent de r\u00e9clamer depuis des ann\u00e9es une r\u00e9vision de leur statut et le texte de loi sur le service civil. En premi\u00e8re ligne face \u00e0 la Covid-19, [&hellip;]<\/p>\n","protected":false},"author":1743,"featured_media":0,"comment_status":"closed","ping_status":"closed","sticky":false,"template":"","format":"standard","meta":{"fifu_image_url":"https:\/\/www.elwatan.com\/wp-content\/uploads\/2020\/07\/Tebboune.jpg","fifu_image_alt":"R\u00e9vision \u00e0 la hausse de l\u2019allocation ch\u00f4mage et r\u00e9forme des statuts des personnels de la sant\u00e9 : Les promesses de Abdelmadjid Tebboune","footnotes":""},"categories":[73,53],"tags":[],"class_list":["post-123786","post","type-post","status-publish","format-standard","hentry","category-actualite","category-algerie"],"_links":{"self":[{"href":"https:\/\/linitiative.ca\/International\/wp-json\/wp\/v2\/posts\/123786","targetHints":{"allow":["GET"]}}],"collection":[{"href":"https:\/\/linitiative.ca\/International\/wp-json\/wp\/v2\/posts"}],"about":[{"href":"https:\/\/linitiative.ca\/International\/wp-json\/wp\/v2\/types\/post"}],"author":[{"embeddable":true,"href":"https:\/\/linitiative.ca\/International\/wp-json\/wp\/v2\/users\/1743"}],"replies":[{"embeddable":true,"href":"https:\/\/linitiative.ca\/International\/wp-json\/wp\/v2\/comments?post=123786"}],"version-history":[{"count":0,"href":"https:\/\/linitiative.ca\/International\/wp-json\/wp\/v2\/posts\/123786\/revisions"}],"wp:attachment":[{"href":"https:\/\/linitiative.ca\/International\/wp-json\/wp\/v2\/media?parent=123786"}],"wp:term":[{"taxonomy":"category","embeddable":true,"href":"https:\/\/linitiative.ca\/International\/wp-json\/wp\/v2\/categories?post=123786"},{"taxonomy":"post_tag","embeddable":true,"href":"https:\/\/linitiative.ca\/International\/wp-json\/wp\/v2\/tags?post=123786"}],"curies":[{"name":"wp","href":"https:\/\/api.w.org\/{rel}","templated":true}]}}