{"id":123788,"date":"2021-08-10T06:30:38","date_gmt":"2021-08-10T10:30:38","guid":{"rendered":"https:\/\/linitiative.ca\/International\/secteur-de-leducation-les-syndicats-appellent-au-report-de-la-rentree\/"},"modified":"2021-08-10T06:30:38","modified_gmt":"2021-08-10T10:30:38","slug":"secteur-de-leducation-les-syndicats-appellent-au-report-de-la-rentree","status":"publish","type":"post","link":"https:\/\/linitiative.ca\/International\/secteur-de-leducation-les-syndicats-appellent-au-report-de-la-rentree\/","title":{"rendered":"Secteur de l\u2019\u00e9ducation : Les syndicats appellent au report de la rentr\u00e9e"},"content":{"rendered":"<div>\n<div class=\"sriret\"><img decoding=\"async\" src=\"https:\/\/linitiative.ca\/International\/wp-content\/uploads\/sites\/23\/2021\/08\/default-picture-709x366_c-19.jpg\"><\/div>\n<p>Lors de sa rencontre avec les 24 syndicats de son secteur, Abdelhakim Belabed, ministre de l\u2019Education nationale, a tranch\u00e9, hier, sur plusieurs questions d\u2019actualit\u00e9. Il s\u2019agit essentiellement du concours de recrutement des enseignants, du dossier des contractuels, de la rentr\u00e9e scolaire et de la vaccination du personnel \u00e9ducatif. En effet, apr\u00e8s avoir rencontr\u00e9 les parents d\u2019\u00e9l\u00e8ves ce samedi, le premier responsable du secteur de l\u2019\u00e9ducation a lev\u00e9 le doute sur plusieurs aspects dans son secteur.<\/p>\n<p>Profitant de sa rencontre avec les 24 syndicats de son secteur, Abdelhakim Belabed a annonc\u00e9, hier lundi, officiellement la non-programmation d\u2019un concours de recrutement au profit des enseignants. \u00abPour cette ann\u00e9e, nous avons d\u00e9cid\u00e9 d\u2019aller vers un recrutement sans titre, sans aucun concours \u00e9crit, comme nous avions l\u2019habitude de faire. La priorit\u00e9 sera ainsi donn\u00e9e aux dipl\u00f4m\u00e9s des ENS et aux enseignants contractuels qui ont cumul\u00e9 plusieurs ann\u00e9es d\u2019exp\u00e9rience sur le terrain\u00bb, a-t-il fait savoir. Ainsi, c\u2019est la bonne nouvelle pour ces enseignants qui ont, depuis plusieurs ann\u00e9es, milit\u00e9 pour leur int\u00e9gration. \u00abIl y a une volont\u00e9 d\u2019aller vers la r\u00e9gularisation de ce dossier qui a tra\u00een\u00e9 depuis l\u2019\u00e9poque de l\u2019ex-ministre Nouria Benghebrit\u00bb, d\u00e9clare Boualem Amoura, secr\u00e9taire g\u00e9n\u00e9ral du Syndicat autonome des travailleurs de l\u2019\u00e9ducation et de la formation (Satef), qui a finalement d\u00e9cid\u00e9 d\u2019honorer l\u2019invitation du ministre \u00e0 cette rencontre.<\/p>\n<p>\u00a0<\/p>\n<p style=\"text-align: right;\">*Retrouvez l\u2019inte\u0301gralite\u0301 de nos articles sur la version papier<\/p>\n<p>L\u2019article <a rel=\"nofollow\" href=\"https:\/\/www.elwatan.com\/edition\/actualite\/secteur-de-leducation-les-syndicats-appellent-au-report-de-la-rentree-10-08-2021\">Secteur de l\u2019\u00e9ducation : Les syndicats appellent au report de la rentr\u00e9e<\/a> est apparu en premier sur <a rel=\"nofollow\" href=\"https:\/\/www.elwatan.com\/\">El Watan<\/a>.<\/p>\n<\/div>\n<p>Auteur: Hicham Chouadria<br \/>\n<a href=\"https:\/\/www.elwatan.com\/edition\/actualite\/secteur-de-leducation-les-syndicats-appellent-au-report-de-la-rentree-10-08-2021\">Cliquez ici pour lire l&rsquo;article depuis sa source.<\/a><\/p>\n","protected":false},"excerpt":{"rendered":"<p>Lors de sa rencontre avec les 24 syndicats de son secteur, Abdelhakim Belabed, ministre de l\u2019Education nationale, a tranch\u00e9, hier, sur plusieurs questions d\u2019actualit\u00e9. Il s\u2019agit essentiellement du concours de recrutement des enseignants, du dossier des contractuels, de la rentr\u00e9e scolaire et de la vaccination du personnel \u00e9ducatif. En effet, apr\u00e8s avoir rencontr\u00e9 les parents [&hellip;]<\/p>\n","protected":false},"author":1743,"featured_media":0,"comment_status":"closed","ping_status":"closed","sticky":false,"template":"","format":"standard","meta":{"fifu_image_url":"https:\/\/www.elwatan.com\/wp-content\/themes\/spectr\/img\/default-picture-709x366_c.jpg","fifu_image_alt":"Secteur de l\u2019\u00e9ducation : Les syndicats appellent au report de la rentr\u00e9e","footnotes":""},"categories":[73,53],"tags":[],"class_list":["post-123788","post","type-post","status-publish","format-standard","hentry","category-actualite","category-algerie"],"_links":{"self":[{"href":"https:\/\/linitiative.ca\/International\/wp-json\/wp\/v2\/posts\/123788","targetHints":{"allow":["GET"]}}],"collection":[{"href":"https:\/\/linitiative.ca\/International\/wp-json\/wp\/v2\/posts"}],"about":[{"href":"https:\/\/linitiative.ca\/International\/wp-json\/wp\/v2\/types\/post"}],"author":[{"embeddable":true,"href":"https:\/\/linitiative.ca\/International\/wp-json\/wp\/v2\/users\/1743"}],"replies":[{"embeddable":true,"href":"https:\/\/linitiative.ca\/International\/wp-json\/wp\/v2\/comments?post=123788"}],"version-history":[{"count":0,"href":"https:\/\/linitiative.ca\/International\/wp-json\/wp\/v2\/posts\/123788\/revisions"}],"wp:attachment":[{"href":"https:\/\/linitiative.ca\/International\/wp-json\/wp\/v2\/media?parent=123788"}],"wp:term":[{"taxonomy":"category","embeddable":true,"href":"https:\/\/linitiative.ca\/International\/wp-json\/wp\/v2\/categories?post=123788"},{"taxonomy":"post_tag","embeddable":true,"href":"https:\/\/linitiative.ca\/International\/wp-json\/wp\/v2\/tags?post=123788"}],"curies":[{"name":"wp","href":"https:\/\/api.w.org\/{rel}","templated":true}]}}