{"id":123790,"date":"2021-08-10T06:35:43","date_gmt":"2021-08-10T10:35:43","guid":{"rendered":"https:\/\/linitiative.ca\/International\/ils-sont-deux-hauts-grades-de-larmee-a-etre-en-fuite-a-letranger-pourquoi-le-general-beleksir-est-poursuivi-pour-haute-trahison\/"},"modified":"2021-08-10T06:35:43","modified_gmt":"2021-08-10T10:35:43","slug":"ils-sont-deux-hauts-grades-de-larmee-a-etre-en-fuite-a-letranger-pourquoi-le-general-beleksir-est-poursuivi-pour-haute-trahison","status":"publish","type":"post","link":"https:\/\/linitiative.ca\/International\/ils-sont-deux-hauts-grades-de-larmee-a-etre-en-fuite-a-letranger-pourquoi-le-general-beleksir-est-poursuivi-pour-haute-trahison\/","title":{"rendered":"Ils sont deux hauts grad\u00e9s de l\u2019arm\u00e9e \u00e0 \u00eatre en fuite \u00e0 l\u2019\u00e9tranger : Pourquoi le g\u00e9n\u00e9ral Beleksir est poursuivi pour haute trahison"},"content":{"rendered":"<div>\n<div class=\"sriret\"><img loading=\"lazy\" decoding=\"async\" width=\"620\" height=\"369\" src=\"https:\/\/linitiative.ca\/International\/wp-content\/uploads\/sites\/23\/2021\/08\/le-general-belkecir-14813.jpg\" class=\"attachment-featured_large size-featured_large wp-post-image\" alt=\"\" style=\"margin-bottom: 15px;\" srcset=\"https:\/\/linitiative.ca\/International\/wp-content\/uploads\/sites\/23\/2021\/08\/le-general-belkecir-14813.jpg 620w, https:\/\/www.elwatan.com\/wp-content\/uploads\/2021\/08\/le-general-belkecir-14813-300x179.jpg 300w\" sizes=\"auto, (max-width: 620px) 100vw, 620px\"><\/div>\n<p>Deux hauts grad\u00e9s de l\u2019arm\u00e9e, le g\u00e9n\u00e9ral Ghali Beleksir, ancien patron de la gendarmerie, et le g\u00e9n\u00e9ral-major Lahbib Chentouf, ex-chef de la 1re R\u00e9gion militaire, sont toujours en fuite \u00e0 l\u2019\u00e9tranger alors qu\u2019ils font l\u2019objet de mandats d\u2019arr\u00eat internationaux, lanc\u00e9s par le tribunal militaire de Blida. Si les noms des deux officiers sont sur la liste des notices rouges d\u2019Interpol (\u00e0 arr\u00eater et \u00e0 rechercher et \u00e0 arr\u00eater), leur sort diff\u00e8re.<\/p>\n<p>En effet, l\u2019ex-commandant de la 1re r\u00e9gion militaire (2004-2018), le g\u00e9n\u00e9ral-major Lahbib Chentouf, a d\u00e9j\u00e0 \u00e9t\u00e9 condamn\u00e9 par contumace \u00e0 une peine de 25 ans de r\u00e9clusion criminelle, bien apr\u00e8s sa sortie du territoire national, par Oran, \u00e0 destination de l\u2019Espagne, alors qu\u2019il faisait l\u2019objet d\u2019une interdiction de sortie du territoire, dans le cadre d\u2019une affaire de \u00abmalversation et d\u2019enrichissement illicite\u00bb instruite par le tribunal militaire de Blida, et qui concerne \u00e9galement quatre autres officiers sup\u00e9rieurs, limog\u00e9s avec lui pour les m\u00eames faits durant l\u2019\u00e9t\u00e9 2018, \u00e0 savoir le g\u00e9n\u00e9ral-major Sa\u00efd Bey, ex-commandant de la 2e R\u00e9gion militaire, le g\u00e9n\u00e9ral-major Menad Nouba, ex-commandant de la Gendarmerie nationale,<\/p>\n<p>\u00a0<\/p>\n<p style=\"text-align: right;\">*Retrouvez l\u2019inte\u0301gralite\u0301 de nos articles sur la version papier<\/p>\n<p>L\u2019article <a rel=\"nofollow\" href=\"https:\/\/www.elwatan.com\/edition\/actualite\/ils-sont-deux-hauts-grades-de-larmee-a-etre-en-fuite-a-letranger-pourquoi-le-general-beleksir-est-poursuivi-pour-haute-trahison-10-08-2021\">Ils sont deux hauts grad\u00e9s de l\u2019arm\u00e9e \u00e0 \u00eatre en fuite \u00e0 l\u2019\u00e9tranger : Pourquoi le g\u00e9n\u00e9ral Beleksir est poursuivi pour haute trahison<\/a> est apparu en premier sur <a rel=\"nofollow\" href=\"https:\/\/www.elwatan.com\/\">El Watan<\/a>.<\/p>\n<\/div>\n<p>Auteur: Hicham Chouadria<br \/>\n<a href=\"https:\/\/www.elwatan.com\/edition\/actualite\/ils-sont-deux-hauts-grades-de-larmee-a-etre-en-fuite-a-letranger-pourquoi-le-general-beleksir-est-poursuivi-pour-haute-trahison-10-08-2021\">Cliquez ici pour lire l&rsquo;article depuis sa source.<\/a><\/p>\n","protected":false},"excerpt":{"rendered":"<p>Deux hauts grad\u00e9s de l\u2019arm\u00e9e, le g\u00e9n\u00e9ral Ghali Beleksir, ancien patron de la gendarmerie, et le g\u00e9n\u00e9ral-major Lahbib Chentouf, ex-chef de la 1re R\u00e9gion militaire, sont toujours en fuite \u00e0 l\u2019\u00e9tranger alors qu\u2019ils font l\u2019objet de mandats d\u2019arr\u00eat internationaux, lanc\u00e9s par le tribunal militaire de Blida. Si les noms des deux officiers sont sur la [&hellip;]<\/p>\n","protected":false},"author":1743,"featured_media":0,"comment_status":"closed","ping_status":"closed","sticky":false,"template":"","format":"standard","meta":{"fifu_image_url":"https:\/\/www.elwatan.com\/wp-content\/uploads\/2021\/08\/le-general-belkecir-14813.jpg","fifu_image_alt":"Ils sont deux hauts grad\u00e9s de l\u2019arm\u00e9e \u00e0 \u00eatre en fuite \u00e0 l\u2019\u00e9tranger : Pourquoi le g\u00e9n\u00e9ral Beleksir est poursuivi pour haute trahison","footnotes":""},"categories":[73,53],"tags":[],"class_list":["post-123790","post","type-post","status-publish","format-standard","hentry","category-actualite","category-algerie"],"_links":{"self":[{"href":"https:\/\/linitiative.ca\/International\/wp-json\/wp\/v2\/posts\/123790","targetHints":{"allow":["GET"]}}],"collection":[{"href":"https:\/\/linitiative.ca\/International\/wp-json\/wp\/v2\/posts"}],"about":[{"href":"https:\/\/linitiative.ca\/International\/wp-json\/wp\/v2\/types\/post"}],"author":[{"embeddable":true,"href":"https:\/\/linitiative.ca\/International\/wp-json\/wp\/v2\/users\/1743"}],"replies":[{"embeddable":true,"href":"https:\/\/linitiative.ca\/International\/wp-json\/wp\/v2\/comments?post=123790"}],"version-history":[{"count":0,"href":"https:\/\/linitiative.ca\/International\/wp-json\/wp\/v2\/posts\/123790\/revisions"}],"wp:attachment":[{"href":"https:\/\/linitiative.ca\/International\/wp-json\/wp\/v2\/media?parent=123790"}],"wp:term":[{"taxonomy":"category","embeddable":true,"href":"https:\/\/linitiative.ca\/International\/wp-json\/wp\/v2\/categories?post=123790"},{"taxonomy":"post_tag","embeddable":true,"href":"https:\/\/linitiative.ca\/International\/wp-json\/wp\/v2\/tags?post=123790"}],"curies":[{"name":"wp","href":"https:\/\/api.w.org\/{rel}","templated":true}]}}