{"id":123794,"date":"2021-08-10T06:40:20","date_gmt":"2021-08-10T10:40:20","guid":{"rendered":"https:\/\/linitiative.ca\/International\/le-president-ordonne-louverture-du-capital-des-entreprises-publiques-le-prive-appele-a-la-rescousse\/"},"modified":"2021-08-10T06:40:20","modified_gmt":"2021-08-10T10:40:20","slug":"le-president-ordonne-louverture-du-capital-des-entreprises-publiques-le-prive-appele-a-la-rescousse","status":"publish","type":"post","link":"https:\/\/linitiative.ca\/International\/le-president-ordonne-louverture-du-capital-des-entreprises-publiques-le-prive-appele-a-la-rescousse\/","title":{"rendered":"Le pr\u00e9sident ordonne l\u2019ouverture du capital des entreprises publiques  : Le priv\u00e9 appel\u00e9 \u00e0 la rescousse"},"content":{"rendered":"<div>\n<div class=\"sriret\"><img loading=\"lazy\" decoding=\"async\" width=\"924\" height=\"708\" src=\"https:\/\/linitiative.ca\/International\/wp-content\/uploads\/sites\/23\/2021\/08\/Guelma-usine-ceCC81ramique.jpg\" class=\"attachment-featured_large size-featured_large wp-post-image\" alt=\"\" style=\"margin-bottom: 15px;\" srcset=\"https:\/\/linitiative.ca\/International\/wp-content\/uploads\/sites\/23\/2021\/08\/Guelma-usine-ceCC81ramique.jpg 924w, https:\/\/www.elwatan.com\/wp-content\/uploads\/2018\/09\/Guelma-usine-ce\u0301ramique-300x230.jpg 300w, https:\/\/www.elwatan.com\/wp-content\/uploads\/2018\/09\/Guelma-usine-ce\u0301ramique-768x588.jpg 768w\" sizes=\"auto, (max-width: 924px) 100vw, 924px\"><\/div>\n<p>C\u2019est ce qui a \u00e9t\u00e9 instruit par le pr\u00e9sident de la R\u00e9publique, Abdelmadjid Tebboune, lors de la tenue du Conseil des ministres dimanche dernier, tout en exhortant les dirigeants concern\u00e9s \u00e0 \u00abtrouver des solutions efficaces et de s\u2019\u00e9loigner de la gestion administrative pour d\u00e9velopper le secteur industriel\u00bb, a indiqu\u00e9 un communiqu\u00e9 \u00e0 l\u2019issue de ce Conseil. Une d\u00e9marche qui va s\u00fbrement ouvrir un d\u00e9bat public sur les entreprises qui seront soumises \u00e0 l\u2019ouverture de capital ainsi que la mani\u00e8re de proc\u00e9der.<\/p>\n<p>En effet, pour les banques, le ministre des Finances, A\u00efmene Benabderrahmane, qui est aussi Premier ministre, avait annonc\u00e9, \u00e0 la fin de l\u2019ann\u00e9e 2020, qu\u2019il y aurait deux banques qui seraient introduites, au courant de l\u2019ann\u00e9e 2021, en Bourse, sans donner plus de d\u00e9tails.<\/p>\n<p>\u00a0<\/p>\n<p>*Retrouvez l\u2019inte\u0301gralite\u0301 de nos articles sur la version papier<\/p>\n<p>L\u2019article <a rel=\"nofollow\" href=\"https:\/\/www.elwatan.com\/a-la-une\/le-president-ordonne-louverture-du-capital-des-entreprises-publiques-le-prive-appele-a-la-rescousse-10-08-2021\">Le pr\u00e9sident ordonne l\u2019ouverture du capital des entreprises publiques  : Le priv\u00e9 appel\u00e9 \u00e0 la rescousse<\/a> est apparu en premier sur <a rel=\"nofollow\" href=\"https:\/\/www.elwatan.com\/\">El Watan<\/a>.<\/p>\n<\/div>\n<p>Auteur: Hicham Chouadria<br \/>\n<a href=\"https:\/\/www.elwatan.com\/a-la-une\/le-president-ordonne-louverture-du-capital-des-entreprises-publiques-le-prive-appele-a-la-rescousse-10-08-2021\">Cliquez ici pour lire l&rsquo;article depuis sa source.<\/a><\/p>\n","protected":false},"excerpt":{"rendered":"<p>C\u2019est ce qui a \u00e9t\u00e9 instruit par le pr\u00e9sident de la R\u00e9publique, Abdelmadjid Tebboune, lors de la tenue du Conseil des ministres dimanche dernier, tout en exhortant les dirigeants concern\u00e9s \u00e0 \u00abtrouver des solutions efficaces et de s\u2019\u00e9loigner de la gestion administrative pour d\u00e9velopper le secteur industriel\u00bb, a indiqu\u00e9 un communiqu\u00e9 \u00e0 l\u2019issue de ce [&hellip;]<\/p>\n","protected":false},"author":1743,"featured_media":0,"comment_status":"closed","ping_status":"closed","sticky":false,"template":"","format":"standard","meta":{"fifu_image_url":"https:\/\/www.elwatan.com\/wp-content\/uploads\/2018\/09\/Guelma-usine-ce\u0301ramique.jpg","fifu_image_alt":"Le pr\u00e9sident ordonne l\u2019ouverture du capital des entreprises publiques  : Le priv\u00e9 appel\u00e9 \u00e0 la rescousse","footnotes":""},"categories":[73,53],"tags":[],"class_list":["post-123794","post","type-post","status-publish","format-standard","hentry","category-actualite","category-algerie"],"_links":{"self":[{"href":"https:\/\/linitiative.ca\/International\/wp-json\/wp\/v2\/posts\/123794","targetHints":{"allow":["GET"]}}],"collection":[{"href":"https:\/\/linitiative.ca\/International\/wp-json\/wp\/v2\/posts"}],"about":[{"href":"https:\/\/linitiative.ca\/International\/wp-json\/wp\/v2\/types\/post"}],"author":[{"embeddable":true,"href":"https:\/\/linitiative.ca\/International\/wp-json\/wp\/v2\/users\/1743"}],"replies":[{"embeddable":true,"href":"https:\/\/linitiative.ca\/International\/wp-json\/wp\/v2\/comments?post=123794"}],"version-history":[{"count":0,"href":"https:\/\/linitiative.ca\/International\/wp-json\/wp\/v2\/posts\/123794\/revisions"}],"wp:attachment":[{"href":"https:\/\/linitiative.ca\/International\/wp-json\/wp\/v2\/media?parent=123794"}],"wp:term":[{"taxonomy":"category","embeddable":true,"href":"https:\/\/linitiative.ca\/International\/wp-json\/wp\/v2\/categories?post=123794"},{"taxonomy":"post_tag","embeddable":true,"href":"https:\/\/linitiative.ca\/International\/wp-json\/wp\/v2\/tags?post=123794"}],"curies":[{"name":"wp","href":"https:\/\/api.w.org\/{rel}","templated":true}]}}