{"id":123798,"date":"2021-08-10T14:52:00","date_gmt":"2021-08-10T18:52:00","guid":{"rendered":"https:\/\/linitiative.ca\/International\/malek-ben-salah-lettre-ouverte-a-monsieur-le-president-de-la-republique\/"},"modified":"2021-08-10T14:52:00","modified_gmt":"2021-08-10T18:52:00","slug":"malek-ben-salah-lettre-ouverte-a-monsieur-le-president-de-la-republique","status":"publish","type":"post","link":"https:\/\/linitiative.ca\/International\/malek-ben-salah-lettre-ouverte-a-monsieur-le-president-de-la-republique\/","title":{"rendered":"Malek Ben Salah : Lettre ouverte \u00e0 Monsieur Le Pr\u00e9sident de la R\u00e9publique"},"content":{"rendered":"<div><img decoding=\"async\" src=\"https:\/\/linitiative.ca\/International\/wp-content\/uploads\/sites\/23\/2021\/08\/1628619355_article.jpg\" alt=\"Malek Ben Salah : Lettre ouverte \u00e0 Monsieur Le Pr\u00e9sident de la R\u00e9publique\" align=\"left\">Monsieur Le Pr\u00e9sident de la R\u00e9publique,<br \/>\nLes d\u00e9cisions que vous venez de prendre \u00e0 partir de ce 25 Juillet sur les plans politiques et structurels \u2026 pour mettre fin aux inepties d\u2019un grand nombre de politiciens incapables de g\u00e9rer le pays correspond bien \u00e0 une n\u00e9cessit\u00e9 vitale pour l\u2019avenir du Tunisien dans l\u2019imm\u00e9diat et pour l\u2019avenir du pays.<br \/>\nCependant la r\u00e9ussite totale de ce pas de g\u00e9ant que vous venez d\u2019effectuer se doit d\u2019\u00eatre que soutenu par une bonne production agricole 2021-2022 qui soulagerait le ventre et la poche du Tunisien moyen, assurer sa s\u00e9curit\u00e9 alimentaire et hydraulique et garantir la r\u00e9ussite \u00e0 long terme de ce que vous entreprenez &#8230;<\/p>\n<\/div>\n<p>Auteur:<br \/>\n<a href=\"https:\/\/www.leaders.com.tn\/article\/32261-malek-ben-salah-lettre-ouverte-a-monsieur-le-president-de-la-republique\">Cliquez ici pour lire l&rsquo;article depuis sa source.<\/a><\/p>\n","protected":false},"excerpt":{"rendered":"<p>Monsieur Le Pr\u00e9sident de la R\u00e9publique, Les d\u00e9cisions que vous venez de prendre \u00e0 partir de ce 25 Juillet sur les plans politiques et structurels \u2026 pour mettre fin aux inepties d\u2019un grand nombre de politiciens incapables de g\u00e9rer le pays correspond bien \u00e0 une n\u00e9cessit\u00e9 vitale pour l\u2019avenir du Tunisien dans l\u2019imm\u00e9diat et pour [&hellip;]<\/p>\n","protected":false},"author":1772,"featured_media":0,"comment_status":"closed","ping_status":"closed","sticky":false,"template":"","format":"standard","meta":{"fifu_image_url":"http:\/\/www.leaders.com.tn\/uploads\/content\/thumbnails_small\/1628619355_article.jpg","fifu_image_alt":"Malek Ben Salah : Lettre ouverte \u00e0 Monsieur Le Pr\u00e9sident de la R\u00e9publique","footnotes":""},"categories":[73,55],"tags":[],"class_list":["post-123798","post","type-post","status-publish","format-standard","hentry","category-actualite","category-tunisie"],"_links":{"self":[{"href":"https:\/\/linitiative.ca\/International\/wp-json\/wp\/v2\/posts\/123798","targetHints":{"allow":["GET"]}}],"collection":[{"href":"https:\/\/linitiative.ca\/International\/wp-json\/wp\/v2\/posts"}],"about":[{"href":"https:\/\/linitiative.ca\/International\/wp-json\/wp\/v2\/types\/post"}],"author":[{"embeddable":true,"href":"https:\/\/linitiative.ca\/International\/wp-json\/wp\/v2\/users\/1772"}],"replies":[{"embeddable":true,"href":"https:\/\/linitiative.ca\/International\/wp-json\/wp\/v2\/comments?post=123798"}],"version-history":[{"count":0,"href":"https:\/\/linitiative.ca\/International\/wp-json\/wp\/v2\/posts\/123798\/revisions"}],"wp:attachment":[{"href":"https:\/\/linitiative.ca\/International\/wp-json\/wp\/v2\/media?parent=123798"}],"wp:term":[{"taxonomy":"category","embeddable":true,"href":"https:\/\/linitiative.ca\/International\/wp-json\/wp\/v2\/categories?post=123798"},{"taxonomy":"post_tag","embeddable":true,"href":"https:\/\/linitiative.ca\/International\/wp-json\/wp\/v2\/tags?post=123798"}],"curies":[{"name":"wp","href":"https:\/\/api.w.org\/{rel}","templated":true}]}}