{"id":123800,"date":"2021-08-10T06:00:00","date_gmt":"2021-08-10T10:00:00","guid":{"rendered":"https:\/\/linitiative.ca\/International\/que-se-passe-t-il-si-vous-ne-dormez-pas-assez\/"},"modified":"2021-08-10T06:00:00","modified_gmt":"2021-08-10T10:00:00","slug":"que-se-passe-t-il-si-vous-ne-dormez-pas-assez","status":"publish","type":"post","link":"https:\/\/linitiative.ca\/International\/que-se-passe-t-il-si-vous-ne-dormez-pas-assez\/","title":{"rendered":"Que se passe-t-il si vous ne dormez pas assez ?"},"content":{"rendered":"<div>Avec le temps, ces effets peuvent aboutir \u00e0 un vieillissement pr\u00e9matur\u00e9. Le manque de sommeil se refl\u00e8te aussi dans l&rsquo;aspect de la peau du visage : le grain de peau est moins net, les traits sont tir\u00e9s. Sauter<\/div>\n<p>Auteur:<br \/>\n<a href=\"https:\/\/www.lesoirdalgerie.com\/femme-magazine\/que-se-passe-t-il-si-vous-ne-dormez-pas-assez-65585\">Cliquez ici pour lire l&rsquo;article depuis sa source.<\/a><\/p>\n","protected":false},"excerpt":{"rendered":"<p>Avec le temps, ces effets peuvent aboutir \u00e0 un vieillissement pr\u00e9matur\u00e9. Le manque de sommeil se refl\u00e8te aussi dans l&rsquo;aspect de la peau du visage : le grain de peau est moins net, les traits sont tir\u00e9s. Sauter Auteur: Cliquez ici pour lire l&rsquo;article depuis sa source.<\/p>\n","protected":false},"author":1741,"featured_media":0,"comment_status":"closed","ping_status":"closed","sticky":false,"template":"","format":"standard","meta":{"fifu_image_url":"","fifu_image_alt":"","footnotes":""},"categories":[73,53],"tags":[],"class_list":["post-123800","post","type-post","status-publish","format-standard","hentry","category-actualite","category-algerie"],"_links":{"self":[{"href":"https:\/\/linitiative.ca\/International\/wp-json\/wp\/v2\/posts\/123800","targetHints":{"allow":["GET"]}}],"collection":[{"href":"https:\/\/linitiative.ca\/International\/wp-json\/wp\/v2\/posts"}],"about":[{"href":"https:\/\/linitiative.ca\/International\/wp-json\/wp\/v2\/types\/post"}],"author":[{"embeddable":true,"href":"https:\/\/linitiative.ca\/International\/wp-json\/wp\/v2\/users\/1741"}],"replies":[{"embeddable":true,"href":"https:\/\/linitiative.ca\/International\/wp-json\/wp\/v2\/comments?post=123800"}],"version-history":[{"count":0,"href":"https:\/\/linitiative.ca\/International\/wp-json\/wp\/v2\/posts\/123800\/revisions"}],"wp:attachment":[{"href":"https:\/\/linitiative.ca\/International\/wp-json\/wp\/v2\/media?parent=123800"}],"wp:term":[{"taxonomy":"category","embeddable":true,"href":"https:\/\/linitiative.ca\/International\/wp-json\/wp\/v2\/categories?post=123800"},{"taxonomy":"post_tag","embeddable":true,"href":"https:\/\/linitiative.ca\/International\/wp-json\/wp\/v2\/tags?post=123800"}],"curies":[{"name":"wp","href":"https:\/\/api.w.org\/{rel}","templated":true}]}}