{"id":123803,"date":"2021-08-10T05:13:10","date_gmt":"2021-08-10T09:13:10","guid":{"rendered":"https:\/\/linitiative.ca\/International\/operation-marhaba-2021-le-ministere-de-lequipement-se-charge-des-demandes-de-remboursement-des-mre\/"},"modified":"2021-08-10T05:13:10","modified_gmt":"2021-08-10T09:13:10","slug":"operation-marhaba-2021-le-ministere-de-lequipement-se-charge-des-demandes-de-remboursement-des-mre","status":"publish","type":"post","link":"https:\/\/linitiative.ca\/International\/operation-marhaba-2021-le-ministere-de-lequipement-se-charge-des-demandes-de-remboursement-des-mre\/","title":{"rendered":"Op\u00e9ration Marhaba 2021. Le minist\u00e8re de l\u2019\u00c9quipement se charge des demandes de remboursement des MRE"},"content":{"rendered":"<div><img decoding=\"async\" width=\"479\" height=\"288\" src=\"https:\/\/linitiative.ca\/International\/wp-content\/uploads\/sites\/23\/2021\/08\/MRE-Mahraba.jpg\" class=\"attachment-post-thumbnail size-post-thumbnail wp-post-image\" alt=\"\" loading=\"lazy\" srcset=\"https:\/\/linitiative.ca\/International\/wp-content\/uploads\/sites\/23\/2021\/08\/MRE-Mahraba.jpg 479w, https:\/\/www.challenge.ma\/wp-content\/uploads\/2021\/08\/MRE-Mahraba-300x180.jpg 300w, https:\/\/www.challenge.ma\/wp-content\/uploads\/2021\/08\/MRE-Mahraba-360x216.jpg 360w\" sizes=\"auto, (max-width: 479px) 100vw, 479px\" itemprop=\"image\">Le minist\u00e8re de l\u2019\u00c9quipement, du transport, de la logistique et de l\u2019eau a indiqu\u00e9 r\u00e9cemment qu\u2019il re\u00e7oit et traite les demandes de remboursement d\u00e9pos\u00e9es par les Marocains r\u00e9sidant \u00e0 l\u2019\u00e9tranger (MRE), sur la plateforme mise en place \u00e0 cet effet, pendant l\u2019op\u00e9ration Marhaba 2021. Cette initiative intervient en application aux<\/div>\n<p>Auteur: challenge<br \/>\n<a href=\"https:\/\/www.challenge.ma\/operation-marhaba-2021-le-ministere-de-lequipement-se-charge-des-demandes-de-remboursement-des-mre-195370\/\">Cliquez ici pour lire l&rsquo;article depuis sa source.<\/a><\/p>\n","protected":false},"excerpt":{"rendered":"<p>Le minist\u00e8re de l\u2019\u00c9quipement, du transport, de la logistique et de l\u2019eau a indiqu\u00e9 r\u00e9cemment qu\u2019il re\u00e7oit et traite les demandes de remboursement d\u00e9pos\u00e9es par les Marocains r\u00e9sidant \u00e0 l\u2019\u00e9tranger (MRE), sur la plateforme mise en place \u00e0 cet effet, pendant l\u2019op\u00e9ration Marhaba 2021. Cette initiative intervient en application aux Auteur: challenge Cliquez ici pour [&hellip;]<\/p>\n","protected":false},"author":1787,"featured_media":0,"comment_status":"closed","ping_status":"closed","sticky":false,"template":"","format":"standard","meta":{"fifu_image_url":"https:\/\/www.challenge.ma\/wp-content\/uploads\/2021\/08\/MRE-Mahraba.jpg","fifu_image_alt":"Op\u00e9ration Marhaba 2021. Le minist\u00e8re de l\u2019\u00c9quipement se charge des demandes de remboursement des MRE","footnotes":""},"categories":[78,54],"tags":[],"class_list":["post-123803","post","type-post","status-publish","format-standard","hentry","category-economie","category-maroc"],"_links":{"self":[{"href":"https:\/\/linitiative.ca\/International\/wp-json\/wp\/v2\/posts\/123803","targetHints":{"allow":["GET"]}}],"collection":[{"href":"https:\/\/linitiative.ca\/International\/wp-json\/wp\/v2\/posts"}],"about":[{"href":"https:\/\/linitiative.ca\/International\/wp-json\/wp\/v2\/types\/post"}],"author":[{"embeddable":true,"href":"https:\/\/linitiative.ca\/International\/wp-json\/wp\/v2\/users\/1787"}],"replies":[{"embeddable":true,"href":"https:\/\/linitiative.ca\/International\/wp-json\/wp\/v2\/comments?post=123803"}],"version-history":[{"count":0,"href":"https:\/\/linitiative.ca\/International\/wp-json\/wp\/v2\/posts\/123803\/revisions"}],"wp:attachment":[{"href":"https:\/\/linitiative.ca\/International\/wp-json\/wp\/v2\/media?parent=123803"}],"wp:term":[{"taxonomy":"category","embeddable":true,"href":"https:\/\/linitiative.ca\/International\/wp-json\/wp\/v2\/categories?post=123803"},{"taxonomy":"post_tag","embeddable":true,"href":"https:\/\/linitiative.ca\/International\/wp-json\/wp\/v2\/tags?post=123803"}],"curies":[{"name":"wp","href":"https:\/\/api.w.org\/{rel}","templated":true}]}}