{"id":123811,"date":"2021-08-10T12:50:43","date_gmt":"2021-08-10T16:50:43","guid":{"rendered":"https:\/\/linitiative.ca\/International\/pandemie-ce-que-les-pays-arabes-ont-depense-pour-favoriser-la-relance\/"},"modified":"2021-08-10T12:50:43","modified_gmt":"2021-08-10T16:50:43","slug":"pandemie-ce-que-les-pays-arabes-ont-depense-pour-favoriser-la-relance","status":"publish","type":"post","link":"https:\/\/linitiative.ca\/International\/pandemie-ce-que-les-pays-arabes-ont-depense-pour-favoriser-la-relance\/","title":{"rendered":"Pand\u00e9mie. Ce que les pays arabes ont d\u00e9pens\u00e9 pour favoriser la relance"},"content":{"rendered":"<div><img decoding=\"async\" width=\"573\" height=\"317\" src=\"https:\/\/linitiative.ca\/International\/wp-content\/uploads\/sites\/23\/2021\/08\/FMA.jpg\" class=\"attachment-post-thumbnail size-post-thumbnail wp-post-image\" alt=\"\" loading=\"lazy\" srcset=\"https:\/\/linitiative.ca\/International\/wp-content\/uploads\/sites\/23\/2021\/08\/FMA.jpg 573w, https:\/\/www.challenge.ma\/wp-content\/uploads\/2021\/08\/FMA-300x166.jpg 300w, https:\/\/www.challenge.ma\/wp-content\/uploads\/2021\/08\/FMA-360x199.jpg 360w\" sizes=\"auto, (max-width: 573px) 100vw, 573px\" itemprop=\"image\">Les plans de relance adopt\u00e9s par les pays arabes depuis le d\u00e9but de la pand\u00e9mie jusqu\u2019au mois de juillet dernier se sont \u00e9lev\u00e9s \u00e0 pr\u00e8s de 344 milliards de dollars, dont 57% sous forme de mesures de soutien accord\u00e9es par les outils de la politique mon\u00e9taire, a pr\u00e9cis\u00e9 le Fonds<\/div>\n<p>Auteur: challenge<br \/>\n<a href=\"https:\/\/www.challenge.ma\/pandemie-ce-que-les-pays-arabes-ont-depense-pour-favoriser-la-relance-195394\/\">Cliquez ici pour lire l&rsquo;article depuis sa source.<\/a><\/p>\n","protected":false},"excerpt":{"rendered":"<p>Les plans de relance adopt\u00e9s par les pays arabes depuis le d\u00e9but de la pand\u00e9mie jusqu\u2019au mois de juillet dernier se sont \u00e9lev\u00e9s \u00e0 pr\u00e8s de 344 milliards de dollars, dont 57% sous forme de mesures de soutien accord\u00e9es par les outils de la politique mon\u00e9taire, a pr\u00e9cis\u00e9 le Fonds Auteur: challenge Cliquez ici pour [&hellip;]<\/p>\n","protected":false},"author":1787,"featured_media":0,"comment_status":"closed","ping_status":"closed","sticky":false,"template":"","format":"standard","meta":{"fifu_image_url":"https:\/\/www.challenge.ma\/wp-content\/uploads\/2021\/08\/FMA.jpg","fifu_image_alt":"Pand\u00e9mie. Ce que les pays arabes ont d\u00e9pens\u00e9 pour favoriser la relance","footnotes":""},"categories":[78,54],"tags":[],"class_list":["post-123811","post","type-post","status-publish","format-standard","hentry","category-economie","category-maroc"],"_links":{"self":[{"href":"https:\/\/linitiative.ca\/International\/wp-json\/wp\/v2\/posts\/123811","targetHints":{"allow":["GET"]}}],"collection":[{"href":"https:\/\/linitiative.ca\/International\/wp-json\/wp\/v2\/posts"}],"about":[{"href":"https:\/\/linitiative.ca\/International\/wp-json\/wp\/v2\/types\/post"}],"author":[{"embeddable":true,"href":"https:\/\/linitiative.ca\/International\/wp-json\/wp\/v2\/users\/1787"}],"replies":[{"embeddable":true,"href":"https:\/\/linitiative.ca\/International\/wp-json\/wp\/v2\/comments?post=123811"}],"version-history":[{"count":0,"href":"https:\/\/linitiative.ca\/International\/wp-json\/wp\/v2\/posts\/123811\/revisions"}],"wp:attachment":[{"href":"https:\/\/linitiative.ca\/International\/wp-json\/wp\/v2\/media?parent=123811"}],"wp:term":[{"taxonomy":"category","embeddable":true,"href":"https:\/\/linitiative.ca\/International\/wp-json\/wp\/v2\/categories?post=123811"},{"taxonomy":"post_tag","embeddable":true,"href":"https:\/\/linitiative.ca\/International\/wp-json\/wp\/v2\/tags?post=123811"}],"curies":[{"name":"wp","href":"https:\/\/api.w.org\/{rel}","templated":true}]}}