{"id":123815,"date":"2021-08-10T16:46:30","date_gmt":"2021-08-10T20:46:30","guid":{"rendered":"https:\/\/linitiative.ca\/International\/2eme-journee-nationale-de-vaccination-ces-vaccins-seront-probablement-administres\/"},"modified":"2021-08-10T16:46:30","modified_gmt":"2021-08-10T20:46:30","slug":"2eme-journee-nationale-de-vaccination-ces-vaccins-seront-probablement-administres","status":"publish","type":"post","link":"https:\/\/linitiative.ca\/International\/2eme-journee-nationale-de-vaccination-ces-vaccins-seront-probablement-administres\/","title":{"rendered":"2\u00e8me Journ\u00e9e nationale de vaccination : Ces vaccins seront probablement administr\u00e9s"},"content":{"rendered":"<div>\n<p>Le membre du comit\u00e9 scientifique de lutte contre le Coronavirus, Riadh Daghfous a estim\u00e9 le 10 ao\u00fbt 2021, que les \u00e9quipes m\u00e9dicales et param\u00e9dicales utiliseraient des quantit\u00e9s de vaccins Pfizer, Moderna et Johnson &amp; Johnson lors de la deuxi\u00e8me journ\u00e9e nationale de vaccination intensive programm\u00e9e le dimanche 15 ao\u00fbt, qui est destin\u00e9e aux personnes \u00e2g\u00e9es [\u2026]<\/p>\n<p>L\u2019article <a href=\"https:\/\/www.tunisienumerique.com\/2eme-journee-nationale-de-vaccination-ces-vaccins-seront-probablement-administres\/\">2\u00e8me Journ\u00e9e nationale de vaccination : Ces vaccins seront probablement administr\u00e9s<\/a> est apparu en premier sur <a href=\"https:\/\/www.tunisienumerique.com\/\">Tunisie<\/a>.<\/p>\n<\/div>\n<p>Auteur: rania ben slimane<br \/>\n<a href=\"https:\/\/www.tunisienumerique.com\/2eme-journee-nationale-de-vaccination-ces-vaccins-seront-probablement-administres\/\">Cliquez ici pour lire l&rsquo;article depuis sa source.<\/a><\/p>\n","protected":false},"excerpt":{"rendered":"<p>Le membre du comit\u00e9 scientifique de lutte contre le Coronavirus, Riadh Daghfous a estim\u00e9 le 10 ao\u00fbt 2021, que les \u00e9quipes m\u00e9dicales et param\u00e9dicales utiliseraient des quantit\u00e9s de vaccins Pfizer, Moderna et Johnson &amp; Johnson lors de la deuxi\u00e8me journ\u00e9e nationale de vaccination intensive programm\u00e9e le dimanche 15 ao\u00fbt, qui est destin\u00e9e aux personnes \u00e2g\u00e9es [&hellip;]<\/p>\n","protected":false},"author":1789,"featured_media":0,"comment_status":"closed","ping_status":"closed","sticky":false,"template":"","format":"standard","meta":{"fifu_image_url":"","fifu_image_alt":"","footnotes":""},"categories":[73,55],"tags":[],"class_list":["post-123815","post","type-post","status-publish","format-standard","hentry","category-actualite","category-tunisie"],"_links":{"self":[{"href":"https:\/\/linitiative.ca\/International\/wp-json\/wp\/v2\/posts\/123815","targetHints":{"allow":["GET"]}}],"collection":[{"href":"https:\/\/linitiative.ca\/International\/wp-json\/wp\/v2\/posts"}],"about":[{"href":"https:\/\/linitiative.ca\/International\/wp-json\/wp\/v2\/types\/post"}],"author":[{"embeddable":true,"href":"https:\/\/linitiative.ca\/International\/wp-json\/wp\/v2\/users\/1789"}],"replies":[{"embeddable":true,"href":"https:\/\/linitiative.ca\/International\/wp-json\/wp\/v2\/comments?post=123815"}],"version-history":[{"count":0,"href":"https:\/\/linitiative.ca\/International\/wp-json\/wp\/v2\/posts\/123815\/revisions"}],"wp:attachment":[{"href":"https:\/\/linitiative.ca\/International\/wp-json\/wp\/v2\/media?parent=123815"}],"wp:term":[{"taxonomy":"category","embeddable":true,"href":"https:\/\/linitiative.ca\/International\/wp-json\/wp\/v2\/categories?post=123815"},{"taxonomy":"post_tag","embeddable":true,"href":"https:\/\/linitiative.ca\/International\/wp-json\/wp\/v2\/tags?post=123815"}],"curies":[{"name":"wp","href":"https:\/\/api.w.org\/{rel}","templated":true}]}}