{"id":123816,"date":"2021-08-10T16:52:30","date_gmt":"2021-08-10T20:52:30","guid":{"rendered":"https:\/\/linitiative.ca\/International\/tunisie-quels-seront-les-personnes-concernees-par-la-journee-de-vaccination-du-15-aout\/"},"modified":"2021-08-10T16:52:30","modified_gmt":"2021-08-10T20:52:30","slug":"tunisie-quels-seront-les-personnes-concernees-par-la-journee-de-vaccination-du-15-aout","status":"publish","type":"post","link":"https:\/\/linitiative.ca\/International\/tunisie-quels-seront-les-personnes-concernees-par-la-journee-de-vaccination-du-15-aout\/","title":{"rendered":"Tunisie \u2013 Quels seront les personnes concern\u00e9es par la journ\u00e9e de vaccination du 15 ao\u00fbt\u00a0?"},"content":{"rendered":"<div>\n<p>La pr\u00e9sidence de la R\u00e9publique a annonc\u00e9 l\u2019organisation d\u2019une deuxi\u00e8me journ\u00e9e nationale de vaccination, qui sera d\u00e9di\u00e9e aux tunisiennes et tunisiens \u00e2g\u00e9 de 18 \u00e0 39 ans. Seront concern\u00e9s par cette journ\u00e9e, les citoyens n\u00e9s entre le\u00a0 9 ao\u00fbt 1981 et le 15 ao\u00fbt 2003, qui sont enregistr\u00e9s sur la plateforme Evax \u00e0 la date [\u2026]<\/p>\n<p>L\u2019article <a href=\"https:\/\/www.tunisienumerique.com\/tunisie-quels-seront-les-personnes-concernees-par-la-journee-de-vaccination-du-15-aout\/\">Tunisie \u2013 Quels seront les personnes concern\u00e9es par la journ\u00e9e de vaccination du 15 ao\u00fbt\u00a0?<\/a> est apparu en premier sur <a href=\"https:\/\/www.tunisienumerique.com\/\">Tunisie<\/a>.<\/p>\n<\/div>\n<p>Auteur: LM<br \/>\n<a href=\"https:\/\/www.tunisienumerique.com\/tunisie-quels-seront-les-personnes-concernees-par-la-journee-de-vaccination-du-15-aout\/\">Cliquez ici pour lire l&rsquo;article depuis sa source.<\/a><\/p>\n","protected":false},"excerpt":{"rendered":"<p>La pr\u00e9sidence de la R\u00e9publique a annonc\u00e9 l\u2019organisation d\u2019une deuxi\u00e8me journ\u00e9e nationale de vaccination, qui sera d\u00e9di\u00e9e aux tunisiennes et tunisiens \u00e2g\u00e9 de 18 \u00e0 39 ans. Seront concern\u00e9s par cette journ\u00e9e, les citoyens n\u00e9s entre le\u00a0 9 ao\u00fbt 1981 et le 15 ao\u00fbt 2003, qui sont enregistr\u00e9s sur la plateforme Evax \u00e0 la date [&hellip;]<\/p>\n","protected":false},"author":1789,"featured_media":0,"comment_status":"closed","ping_status":"closed","sticky":false,"template":"","format":"standard","meta":{"fifu_image_url":"","fifu_image_alt":"","footnotes":""},"categories":[73,55],"tags":[],"class_list":["post-123816","post","type-post","status-publish","format-standard","hentry","category-actualite","category-tunisie"],"_links":{"self":[{"href":"https:\/\/linitiative.ca\/International\/wp-json\/wp\/v2\/posts\/123816","targetHints":{"allow":["GET"]}}],"collection":[{"href":"https:\/\/linitiative.ca\/International\/wp-json\/wp\/v2\/posts"}],"about":[{"href":"https:\/\/linitiative.ca\/International\/wp-json\/wp\/v2\/types\/post"}],"author":[{"embeddable":true,"href":"https:\/\/linitiative.ca\/International\/wp-json\/wp\/v2\/users\/1789"}],"replies":[{"embeddable":true,"href":"https:\/\/linitiative.ca\/International\/wp-json\/wp\/v2\/comments?post=123816"}],"version-history":[{"count":0,"href":"https:\/\/linitiative.ca\/International\/wp-json\/wp\/v2\/posts\/123816\/revisions"}],"wp:attachment":[{"href":"https:\/\/linitiative.ca\/International\/wp-json\/wp\/v2\/media?parent=123816"}],"wp:term":[{"taxonomy":"category","embeddable":true,"href":"https:\/\/linitiative.ca\/International\/wp-json\/wp\/v2\/categories?post=123816"},{"taxonomy":"post_tag","embeddable":true,"href":"https:\/\/linitiative.ca\/International\/wp-json\/wp\/v2\/tags?post=123816"}],"curies":[{"name":"wp","href":"https:\/\/api.w.org\/{rel}","templated":true}]}}