{"id":123819,"date":"2021-08-09T19:19:18","date_gmt":"2021-08-09T23:19:18","guid":{"rendered":"https:\/\/linitiative.ca\/International\/le-retour-politique-de-laurent-gbagbo\/"},"modified":"2021-08-09T19:19:18","modified_gmt":"2021-08-09T23:19:18","slug":"le-retour-politique-de-laurent-gbagbo","status":"publish","type":"post","link":"https:\/\/linitiative.ca\/International\/le-retour-politique-de-laurent-gbagbo\/","title":{"rendered":"Le retour politique de Laurent Gbagbo"},"content":{"rendered":"<div>\n<p>L\u2019ancien Pr\u00e9sident ivoirien, Laurent Gbagbo, acquitt\u00e9 par la Cour p\u00e9nale internationale (CPI) et qui a regagn\u00e9 son pays le 17 juin dernier, est sur le point de faire ses adieux \u00e0 son parti, le Front populaire ivoirien (FPI). Du communiqu\u00e9 final de la r\u00e9union du Comit\u00e9 central du Front populaire ivoirien (FPI), tenue le lundi 9 ao\u00fbt 2021, il appara\u00eet clairement qu\u2019il n\u2019entend pas s\u2019engager dans un bras de fer juridique avec Pascal Affi N\u2019Guessan autour de la pr\u00e9sidence du parti. Il pr\u00e9f\u00e8re cultiver son jardin. \u00ab\u00a0Le Pr\u00e9sident Laurent Gbagbo n\u2019entend pas s\u2019engager dans une bataille juridique avec Monsieur Affi N\u2019Guessan.<\/p>\n<p>D\u00e8s cet instant, il a propos\u00e9 au Comit\u00e9 central, la cr\u00e9ation d\u2019un nouvel instrument de lutte conforme \u00e0 notre id\u00e9ologie et nos ambitions\u00a0\u00bb, peut-on lire dans le communiqu\u00e9 qui a sanctionn\u00e9 la fin de la rencontre. D\u00e9j\u00e0, l\u2019absence de Pascal Affi N\u2019Guessan \u00e0 cette r\u00e9union augurait que la rupture est d\u00e9finitivement consomm\u00e9e entre les deux personnalit\u00e9s. Ainsi, par cette d\u00e9cision de cr\u00e9er \u00ab\u00a0un nouvel instrument de lutte\u00a0\u00bb, Laurent Gbagbo annonce son grand retour sur l\u2019\u00e9chiquier politique ivoirien.<\/p>\n<p>Ceux qui avaient pr\u00e9dit qu\u2019il allait simplement se contenter de jouer un r\u00f4le majeur dans le processus de r\u00e9conciliation nationale en C\u00f4te d\u2019Ivoire et s\u2019offrir une retraite bien m\u00e9rit\u00e9e ont menti. Conscient de l\u2019immense popularit\u00e9 dont il jouit dans son pays et confort\u00e9 dans ses convictions par son acquittement \u00e0 la CPI, l\u2019ex-chef d\u2019Etat ivoirien veut peser de tout son poids face \u00e0 son challenger qu\u2019est le pr\u00e9sident Alassane Ouattara.<\/p>\n<p>S\u2019il venait \u00e0 cr\u00e9er son nouveau parti politique, c\u2019est une grande page politique qui se tourne avec son d\u00e9part du FPI, qu\u2019il a cocr\u00e9\u00e9 en 1982 avec son \u00e9pouse Simone Gbagbo, Abdoudramane Sangar\u00e9, Emile Boga Doudou, Assoa Adou, Pascal Kokora et Pierre Kipr\u00e9. Fin politique et strat\u00e8ge, Laurent Gbagbo a compris qu\u2019engager une bataille juridique avec Pascal Affi N\u2019Guessan serait une d\u00e9bauche d\u2019\u00e9nergie inutile. L\u2019initiative de porter sur les fonts baptismaux, un nouveau parti politique est \u00e9galement le signe que la rivalit\u00e9 entre le trio Ouattara-B\u00e9di\u00e9-Gbagbo va encore se poursuivre pour quelques ann\u00e9es en terre d\u2019Eburnie.<\/p>\n<p>Il reste \u00e0 savoir le r\u00f4le que va jouer Simone Gbagbo aux c\u00f4t\u00e9s de Laurent Gbagbo, dans cette nouvelle aventure politique, sous fond de divorce. Une chose est s\u00fbre, de son c\u00f4t\u00e9, elle nourrit la farouche volont\u00e9 d\u2019\u00eatre pr\u00e9sente sur la sc\u00e8ne publique ivoirienne, en t\u00e9moigne sa sortie dans son fief \u00e0 Bonoua, le 8 ao\u00fbt dernier o\u00f9 elle s\u2019est adress\u00e9e \u00e0 2000 de ses partisans. L\u2019annonce de la cr\u00e9ation d\u2019un parti politique par Gbagbo va certainement redistribuer les cartes dans les diff\u00e9rentes factions du FPI. Les jours \u00e0 venir nous situeront davantage.<\/p>\n<p style=\"text-align: right\"><strong>Karim BADOLO<\/strong><\/p>\n<p>L\u2019article <a rel=\"nofollow\" href=\"https:\/\/www.sidwaya.info\/blog\/2021\/08\/09\/le-retour-politique-de-laurent-gbagbo\/\">Le retour politique de Laurent Gbagbo<\/a> est apparu en premier sur <a rel=\"nofollow\" href=\"https:\/\/www.sidwaya.info\/\">Quotidien Sidwaya<\/a>.<\/p>\n<\/div>\n<p>Auteur: JK. Sidwaya<br \/>\n<a href=\"https:\/\/www.sidwaya.info\/blog\/2021\/08\/09\/le-retour-politique-de-laurent-gbagbo\/\">Cliquez ici pour lire l&rsquo;article depuis sa source.<\/a><\/p>\n","protected":false},"excerpt":{"rendered":"<p>L\u2019ancien Pr\u00e9sident ivoirien, Laurent Gbagbo, acquitt\u00e9 par la Cour p\u00e9nale internationale (CPI) et qui a regagn\u00e9 son pays le 17 juin dernier, est sur le point de faire ses adieux \u00e0 son parti, le Front populaire ivoirien (FPI). Du communiqu\u00e9 final de la r\u00e9union du Comit\u00e9 central du Front populaire ivoirien (FPI), tenue le lundi [&hellip;]<\/p>\n","protected":false},"author":1816,"featured_media":0,"comment_status":"closed","ping_status":"closed","sticky":false,"template":"","format":"standard","meta":{"fifu_image_url":"","fifu_image_alt":"","footnotes":""},"categories":[73,81],"tags":[],"class_list":["post-123819","post","type-post","status-publish","format-standard","hentry","category-actualite","category-burkina-faso"],"_links":{"self":[{"href":"https:\/\/linitiative.ca\/International\/wp-json\/wp\/v2\/posts\/123819","targetHints":{"allow":["GET"]}}],"collection":[{"href":"https:\/\/linitiative.ca\/International\/wp-json\/wp\/v2\/posts"}],"about":[{"href":"https:\/\/linitiative.ca\/International\/wp-json\/wp\/v2\/types\/post"}],"author":[{"embeddable":true,"href":"https:\/\/linitiative.ca\/International\/wp-json\/wp\/v2\/users\/1816"}],"replies":[{"embeddable":true,"href":"https:\/\/linitiative.ca\/International\/wp-json\/wp\/v2\/comments?post=123819"}],"version-history":[{"count":0,"href":"https:\/\/linitiative.ca\/International\/wp-json\/wp\/v2\/posts\/123819\/revisions"}],"wp:attachment":[{"href":"https:\/\/linitiative.ca\/International\/wp-json\/wp\/v2\/media?parent=123819"}],"wp:term":[{"taxonomy":"category","embeddable":true,"href":"https:\/\/linitiative.ca\/International\/wp-json\/wp\/v2\/categories?post=123819"},{"taxonomy":"post_tag","embeddable":true,"href":"https:\/\/linitiative.ca\/International\/wp-json\/wp\/v2\/tags?post=123819"}],"curies":[{"name":"wp","href":"https:\/\/api.w.org\/{rel}","templated":true}]}}