{"id":123820,"date":"2021-08-09T19:27:55","date_gmt":"2021-08-09T23:27:55","guid":{"rendered":"https:\/\/linitiative.ca\/International\/forces-armees-nationales-un-contingent-de-2245-soldats-pret-pour-la-patrie\/"},"modified":"2021-08-09T19:27:55","modified_gmt":"2021-08-09T23:27:55","slug":"forces-armees-nationales-un-contingent-de-2245-soldats-pret-pour-la-patrie","status":"publish","type":"post","link":"https:\/\/linitiative.ca\/International\/forces-armees-nationales-un-contingent-de-2245-soldats-pret-pour-la-patrie\/","title":{"rendered":"Forces arm\u00e9es nationales : Un Contingent de 2245 soldats  \u00ab\u00a0pr\u00eat pour la patrie\u00a0\u00bb"},"content":{"rendered":"<div>\n<p><strong>La c\u00e9r\u00e9monie de pr\u00e9sentation au drapeau du contingent 2020 a eu lieu dans la matin\u00e9e du vendredi 6 ao\u00fbt 2021 \u00e0 Bobo-Dioulasso. Cette c\u00e9r\u00e9monie, pour les 2245 sortants, marque la fin de leur formation militaire initiale.<\/strong><\/p>\n<p>Le contingent militaire de la classe 2020 a r\u00e9ussi sa formation initiale. Elle a sacrifi\u00e9 \u00e0 la c\u00e9r\u00e9monie traditionnelle de pr\u00e9sentation au drapeau, dans la matin\u00e9e du vendredi 6 ao\u00fbt 2021 au sein du camp Ouezzin-Coulibaly \u00e0 Bobo-Dioulasso. Une c\u00e9r\u00e9monie qui a \u00e9t\u00e9 patronn\u00e9e par le Chef d\u2019\u00e9tat-major, de l\u2019arm\u00e9e de terre, le Colonel-major, Gilles Bationo.<br \/>\nLe patron de la c\u00e9r\u00e9monie a accueilli avec joie la venue de ces nouveaux hommes pr\u00eats \u00e0 \u00eatre employ\u00e9 dans les rangs de l\u2019arm\u00e9e. \u00ab\u00a0\u00c7a fait un plus pour nos effectifs et pour la s\u00e9curit\u00e9 de nos populations\u00a0\u00bb s\u2019est-il f\u00e9licit\u00e9. De 2250 recrues (dont 85 femmes) au d\u00e9part la cuv\u00e9e en compte 2245, \u00e0 sa sortie.<\/p>\n<p>Le Commandant du commandement des \u00e9coles et centres de formation, le Colonel Jean Charles Som\u00e9, a fait savoir que quatre de ces recrues ont \u00e9t\u00e9 radi\u00e9es et une d\u00e9c\u00e9d\u00e9e. Sur les 2245, 1995 ont \u00e9t\u00e9 retenus pour les besoins de l\u2019arm\u00e9e de terre, de l\u2019arm\u00e9e de l\u2019air et du Groupement central des arm\u00e9es. Quant aux 250 autres, ils ont \u00e9t\u00e9 mis \u00e0 la disposition de la Brigade nationale des sapeurs-pompiers. Pour la formation initiale, le contingent a \u00e9t\u00e9 r\u00e9parti entre les trois centres r\u00e9gionaux d\u2019instruction de Bobo-Dioulasso (790 stagiaires), Dori (730 stagiaires) et de Fada N\u2019Gourma (730 stagiaires).<\/p>\n<h3>Formation faite dans les r\u00e8gles de l\u2019art<\/h3>\n<p>Ladite formation a d\u00e9but\u00e9 le 1er f\u00e9vrier 2021 et a dur\u00e9 29 semaines. Selon le premier responsable des centres r\u00e9gionaux d\u2019instruction, la pr\u00e9sentation au drapeau rev\u00eat deux principales significations. A ses dires, non seulement elle constitue un acte fondateur pour ceux qui ont choisi le m\u00e9tier des armes, mais elle est aussi le podium sur lequel s\u2019exprime le serment des appel\u00e9s de servir avec loyaut\u00e9, dignit\u00e9 et honneur, la patrie. Il a, par ailleurs, rassur\u00e9 que la formation s\u2019est faite dans les r\u00e8gles de l\u2019art. \u00ab\u00a0La cuv\u00e9e 2020 a \u00e9t\u00e9 moul\u00e9e dans la rigueur des traditions de notre arm\u00e9e et de notre Nation\u00a0\u00bb, a indiqu\u00e9 le col. Jean Charles Som\u00e9.<\/p>\n<p>Les imp\u00e9trants, \u00e0 l\u2019en croire, sont aptes aux op\u00e9rations du combat d\u2019infanterie commando motoris\u00e9, aux missions de service g\u00e9n\u00e9ral dans les arm\u00e9es, de maintien de la paix et d\u2019assistance pour le r\u00e9tablissement de l\u2019ordre. Jean Charles Som\u00e9 a prodigu\u00e9 quelques conseils aux sortants. Il leur a, par exemple, demand\u00e9 de savoir concilier la n\u00e9cessit\u00e9 militaire avec les exigences citoyennes. Et cela, a-t-il pr\u00e9cis\u00e9, quelle qu\u2019en soit la situation dans laquelle ils se trouveront. Le commandant des \u00e9coles et centres de formation a souhait\u00e9 que les anciens soient des mod\u00e8les pour ces \u00ab\u00a0jeunes\u00a0\u00bb soldats. Aux sortants, il les a aussi exhort\u00e9s \u00e0 faire honneur aux cadres qui ont pris une part active dans leur processus de \u00ab\u00a0mutation\u00a0\u00bb.<\/p>\n<p style=\"text-align: right\"><strong>Alpha S\u00e9kou BARRY<\/strong><br \/>\nalphasekoubarry@gmail.com<\/p>\n<p>\u00a0<\/p>\n<p>\u00a0<\/p>\n<p>L\u2019article <a rel=\"nofollow\" href=\"https:\/\/www.sidwaya.info\/blog\/2021\/08\/09\/forces-armees-nationales-un-contingent-de-2245-soldats-pret-pour-la-patrie\/\">Forces arm\u00e9es nationales : Un Contingent de 2245 soldats  \u00ab\u00a0pr\u00eat pour la patrie\u00a0\u00bb<\/a> est apparu en premier sur <a rel=\"nofollow\" href=\"https:\/\/www.sidwaya.info\/\">Quotidien Sidwaya<\/a>.<\/p>\n<\/div>\n<p>Auteur: JK. Sidwaya<br \/>\n<a href=\"https:\/\/www.sidwaya.info\/blog\/2021\/08\/09\/forces-armees-nationales-un-contingent-de-2245-soldats-pret-pour-la-patrie\/\">Cliquez ici pour lire l&rsquo;article depuis sa source.<\/a><\/p>\n","protected":false},"excerpt":{"rendered":"<p>La c\u00e9r\u00e9monie de pr\u00e9sentation au drapeau du contingent 2020 a eu lieu dans la matin\u00e9e du vendredi 6 ao\u00fbt 2021 \u00e0 Bobo-Dioulasso. Cette c\u00e9r\u00e9monie, pour les 2245 sortants, marque la fin de leur formation militaire initiale. Le contingent militaire de la classe 2020 a r\u00e9ussi sa formation initiale. Elle a sacrifi\u00e9 \u00e0 la c\u00e9r\u00e9monie traditionnelle [&hellip;]<\/p>\n","protected":false},"author":1816,"featured_media":0,"comment_status":"closed","ping_status":"closed","sticky":false,"template":"","format":"standard","meta":{"fifu_image_url":"","fifu_image_alt":"","footnotes":""},"categories":[73,81],"tags":[],"class_list":["post-123820","post","type-post","status-publish","format-standard","hentry","category-actualite","category-burkina-faso"],"_links":{"self":[{"href":"https:\/\/linitiative.ca\/International\/wp-json\/wp\/v2\/posts\/123820","targetHints":{"allow":["GET"]}}],"collection":[{"href":"https:\/\/linitiative.ca\/International\/wp-json\/wp\/v2\/posts"}],"about":[{"href":"https:\/\/linitiative.ca\/International\/wp-json\/wp\/v2\/types\/post"}],"author":[{"embeddable":true,"href":"https:\/\/linitiative.ca\/International\/wp-json\/wp\/v2\/users\/1816"}],"replies":[{"embeddable":true,"href":"https:\/\/linitiative.ca\/International\/wp-json\/wp\/v2\/comments?post=123820"}],"version-history":[{"count":0,"href":"https:\/\/linitiative.ca\/International\/wp-json\/wp\/v2\/posts\/123820\/revisions"}],"wp:attachment":[{"href":"https:\/\/linitiative.ca\/International\/wp-json\/wp\/v2\/media?parent=123820"}],"wp:term":[{"taxonomy":"category","embeddable":true,"href":"https:\/\/linitiative.ca\/International\/wp-json\/wp\/v2\/categories?post=123820"},{"taxonomy":"post_tag","embeddable":true,"href":"https:\/\/linitiative.ca\/International\/wp-json\/wp\/v2\/tags?post=123820"}],"curies":[{"name":"wp","href":"https:\/\/api.w.org\/{rel}","templated":true}]}}