{"id":123821,"date":"2021-08-10T10:58:36","date_gmt":"2021-08-10T14:58:36","guid":{"rendered":"https:\/\/linitiative.ca\/International\/reprise-du-proces-des-presumes-terroristes-20-ans-de-prison-ferme-pour-n-a-et-d-a-a\/"},"modified":"2021-08-10T10:58:36","modified_gmt":"2021-08-10T14:58:36","slug":"reprise-du-proces-des-presumes-terroristes-20-ans-de-prison-ferme-pour-n-a-et-d-a-a","status":"publish","type":"post","link":"https:\/\/linitiative.ca\/International\/reprise-du-proces-des-presumes-terroristes-20-ans-de-prison-ferme-pour-n-a-et-d-a-a\/","title":{"rendered":"Reprise du proc\u00e8s des pr\u00e9sum\u00e9s terroristes: 20 ans de prison ferme pour N.A et D.A.A."},"content":{"rendered":"<div>\n<p>La session a repris ce mardi 10 ao\u00fbt 2021 avec deux dossiers en jugement. Le premier met en cause N.A. et D.A.A. Ils sont poursuivis pour quatre chefs d\u2019accusations\u00a0: association de malfaiteur en lien avec le terrorisme, d\u00e9gradation volontaire de bien en relations avec une entreprise terroriste, vol aggrav\u00e9 et d\u00e9tention ill\u00e9gale d\u2019armes \u00e0 feu. Ils ont \u00e9t\u00e9 appr\u00e9hend\u00e9 le 2 mai 2018 par des Koglw\u00e9ogo apr\u00e8s l\u2019attaque de l\u2019\u00e9cole de Bafina dans la commune de Barsalgho dans le Centre-Nord. Dans cette \u00e9cole, ils ont incendi\u00e9 le domicile du directeur, le magasin de l\u2019\u00e9cole et ont intimid\u00e9 les enseignants. Ils ont aussi incendi\u00e9 le quartier g\u00e9n\u00e9ral des Koglw\u00e9ogo \u00e0 Ginebila. A l\u2019interrogation, ils affirment \u00eatre membres du groupe Ansaroul-Islam.<\/p>\n<p>Le procureur a requis 20 ans de prison ferme pour chacun avec suret\u00e9 de 15 ans et avec la confiscation des armes utilis\u00e9es. A la reprise du proc\u00e8s, la peine a \u00e9t\u00e9 confirm\u00e9e.<\/p>\n<p>Ils doivent solidairement payer la somme de 2\u00a0975\u00a0094 F CFA \u00e0 la victime D.A et 758\u00a0000 \u00e0 C.B.<\/p>\n<p>Le tribunal affirme qu\u2019ils ont 15 jours pour faire appel, s\u2019ils ne sont pas satisfaits de la d\u00e9cision rendue.<\/p>\n<p>Le 2<sup>e<\/sup> dossier de la session de ce mardi 10 aout a \u00e9t\u00e9 renvoy\u00e9 au jeudi 12 aout 2021 pour absence d\u2019interpr\u00e8te.<\/p>\n<p style=\"text-align: right\"><strong>S.T.<\/strong><\/p>\n<p>L\u2019article <a rel=\"nofollow\" href=\"https:\/\/www.sidwaya.info\/blog\/2021\/08\/10\/burkina-reprise-du-proces-des-presumes-terroristes-ce-mardi\/\">Reprise du proc\u00e8s des pr\u00e9sum\u00e9s terroristes: 20 ans de prison ferme pour N.A et D.A.A.<\/a> est apparu en premier sur <a rel=\"nofollow\" href=\"https:\/\/www.sidwaya.info\/\">Quotidien Sidwaya<\/a>.<\/p>\n<\/div>\n<p>Auteur: Wamini SIDWAYA<br \/>\n<a href=\"https:\/\/www.sidwaya.info\/blog\/2021\/08\/10\/burkina-reprise-du-proces-des-presumes-terroristes-ce-mardi\/\">Cliquez ici pour lire l&rsquo;article depuis sa source.<\/a><\/p>\n","protected":false},"excerpt":{"rendered":"<p>La session a repris ce mardi 10 ao\u00fbt 2021 avec deux dossiers en jugement. Le premier met en cause N.A. et D.A.A. Ils sont poursuivis pour quatre chefs d\u2019accusations\u00a0: association de malfaiteur en lien avec le terrorisme, d\u00e9gradation volontaire de bien en relations avec une entreprise terroriste, vol aggrav\u00e9 et d\u00e9tention ill\u00e9gale d\u2019armes \u00e0 feu. [&hellip;]<\/p>\n","protected":false},"author":1816,"featured_media":0,"comment_status":"closed","ping_status":"closed","sticky":false,"template":"","format":"standard","meta":{"fifu_image_url":"","fifu_image_alt":"","footnotes":""},"categories":[73,81],"tags":[],"class_list":["post-123821","post","type-post","status-publish","format-standard","hentry","category-actualite","category-burkina-faso"],"_links":{"self":[{"href":"https:\/\/linitiative.ca\/International\/wp-json\/wp\/v2\/posts\/123821","targetHints":{"allow":["GET"]}}],"collection":[{"href":"https:\/\/linitiative.ca\/International\/wp-json\/wp\/v2\/posts"}],"about":[{"href":"https:\/\/linitiative.ca\/International\/wp-json\/wp\/v2\/types\/post"}],"author":[{"embeddable":true,"href":"https:\/\/linitiative.ca\/International\/wp-json\/wp\/v2\/users\/1816"}],"replies":[{"embeddable":true,"href":"https:\/\/linitiative.ca\/International\/wp-json\/wp\/v2\/comments?post=123821"}],"version-history":[{"count":0,"href":"https:\/\/linitiative.ca\/International\/wp-json\/wp\/v2\/posts\/123821\/revisions"}],"wp:attachment":[{"href":"https:\/\/linitiative.ca\/International\/wp-json\/wp\/v2\/media?parent=123821"}],"wp:term":[{"taxonomy":"category","embeddable":true,"href":"https:\/\/linitiative.ca\/International\/wp-json\/wp\/v2\/categories?post=123821"},{"taxonomy":"post_tag","embeddable":true,"href":"https:\/\/linitiative.ca\/International\/wp-json\/wp\/v2\/tags?post=123821"}],"curies":[{"name":"wp","href":"https:\/\/api.w.org\/{rel}","templated":true}]}}